{"id":796,"date":"2023-11-07T09:28:59","date_gmt":"2023-11-07T11:28:59","guid":{"rendered":"https:\/\/acsiv.com.br\/blog\/?p=796"},"modified":"2023-11-27T11:43:53","modified_gmt":"2023-11-27T13:43:53","slug":"novembro-azul-conscientizacao-essencial-para-a-saude-masculina","status":"publish","type":"post","link":"https:\/\/acsiv.com.br\/blog\/2023\/11\/07\/novembro-azul-conscientizacao-essencial-para-a-saude-masculina\/","title":{"rendered":"Novembro Azul: Conscientiza\u00e7\u00e3o Essencial para a Sa\u00fade Masculina"},"content":{"rendered":"\n<p><\/p>\n\n\n\n<p><a href=\"https:\/\/www.youtube.com\/watch?v=5j3aaBSRmH4\" target=\"_blank\" rel=\"noreferrer noopener\">Novembro Azul <\/a>\u00e9 uma campanha mundial de conscientiza\u00e7\u00e3o sobre a sa\u00fade masculina, com foco na preven\u00e7\u00e3o e no diagn\u00f3stico precoce do c\u00e2ncer de pr\u00f3stata. Esta iniciativa, que teve in\u00edcio na Austr\u00e1lia em 2003 e chegou ao Brasil em 2008, tem como objetivo principal alertar os homens para a import\u00e2ncia dos exames regulares, promovendo assim uma vida mais saud\u00e1vel e longeva.<\/p>\n\n\n\n<p><strong>O que \u00e9 o Novembro Azul?<\/strong><\/p>\n\n\n\n<p>Novembro Azul \u00e9 um movimento que busca sensibilizar a popula\u00e7\u00e3o masculina para a preven\u00e7\u00e3o do c\u00e2ncer de pr\u00f3stata, o segundo tipo mais comum entre os homens no Brasil. Durante todo o m\u00eas de novembro, diversas a\u00e7\u00f5es s\u00e3o realizadas para conscientizar sobre a import\u00e2ncia dos exames preventivos e do diagn\u00f3stico precoce, aumentando as chances de cura e melhorando a qualidade de vida dos pacientes.<\/p>\n\n\n\n<p><strong>Como Surgiu o Novembro Azul?<\/strong><\/p>\n\n\n\n<p>A origem do Novembro Azul remonta a 2003, na Austr\u00e1lia, quando um grupo de amigos decidiu deixar crescer seus bigodes durante o m\u00eas de novembro para chamar a aten\u00e7\u00e3o para quest\u00f5es de sa\u00fade masculina, incluindo o c\u00e2ncer de pr\u00f3stata. A ideia ganhou adeptos em diversos pa\u00edses, incluindo o Brasil, onde a campanha foi adotada e amplamente difundida.<\/p>\n\n\n\n<p><strong>Import\u00e2ncia da Conscientiza\u00e7\u00e3o<\/strong><\/p>\n\n\n\n<p>A conscientiza\u00e7\u00e3o sobre o c\u00e2ncer de pr\u00f3stata \u00e9 fundamental, pois essa doen\u00e7a pode se desenvolver silenciosamente, sem apresentar sintomas percept\u00edveis nas fases iniciais. Os exames regulares, como o toque retal e o exame de sangue PSA, s\u00e3o essenciais para detectar precocemente qualquer anomalia, permitindo um tratamento eficaz e aumentando as chances de cura.<\/p>\n\n\n\n<p><strong>Dicas para Manter a Sa\u00fade Masculina<\/strong><\/p>\n\n\n\n<p>Exames Regulares: Homens a partir dos 45 anos devem realizar exames preventivos anualmente, e aqueles com hist\u00f3rico familiar da doen\u00e7a devem iniciar os exames aos 40 anos.<\/p>\n\n\n\n<p>Alimenta\u00e7\u00e3o Saud\u00e1vel: Uma dieta balanceada rica em frutas, vegetais, gr\u00e3os integrais e prote\u00ednas magras pode reduzir o risco de desenvolver c\u00e2ncer de pr\u00f3stata.<\/p>\n\n\n\n<p>Atividade F\u00edsica: A pr\u00e1tica regular de atividades f\u00edsicas contribui para o controle do peso corporal e melhora a sa\u00fade geral, reduzindo o risco de diversas doen\u00e7as, incluindo o c\u00e2ncer de pr\u00f3stata.<\/p>\n\n\n\n<p>Evitar o Tabagismo e o Consumo Excessivo de \u00c1lcool: O tabagismo e o consumo excessivo de \u00e1lcool est\u00e3o relacionados a um maior risco de desenvolver c\u00e2ncer, portanto, \u00e9 fundamental evit\u00e1-los.<\/p>\n\n\n\n<p>Conversa com o M\u00e9dico: Manter um di\u00e1logo aberto com o m\u00e9dico \u00e9 essencial para compreender os fatores de risco pessoais e receber orienta\u00e7\u00f5es espec\u00edficas para a sa\u00fade individual.<\/p>\n\n\n\n<p><strong>Conclus\u00e3o<\/strong><\/p>\n\n\n\n<p>O Novembro Azul \u00e9 mais do que uma simples campanha; \u00e9 um chamado \u00e0 a\u00e7\u00e3o para todos os homens, incluindo escreventes e titulares de cart\u00f3rios, para que cuidem de sua sa\u00fade de maneira proativa. Ao adotar h\u00e1bitos de vida saud\u00e1veis, realizar exames preventivos regularmente e disseminar informa\u00e7\u00f5es sobre a import\u00e2ncia da preven\u00e7\u00e3o do c\u00e2ncer de pr\u00f3stata, podemos construir uma comunidade mais saud\u00e1vel e consciente. Juntos, podemos fazer a diferen\u00e7a na luta contra o c\u00e2ncer de pr\u00f3stata e promover uma vida longa e plena para todos os homens.<\/p>\n\n\n\n<p class=\"has-text-align-right\">Escrito por: Isabella Flores<\/p>\n","protected":false},"excerpt":{"rendered":"<p>Explore o significado do Novembro Azul e sua relev\u00e2ncia na conscientiza\u00e7\u00e3o sobre o c\u00e2ncer de pr\u00f3stata. Este artigo destaca a import\u00e2ncia dos exames regulares, oferece dicas de sa\u00fade e orienta\u00e7\u00f5es cruciais para homens, incluindo escreventes e titulares de cart\u00f3rios. Junte-se a n\u00f3s nesta jornada pela sa\u00fade masculina.<\/p>\n","protected":false},"author":2,"featured_media":797,"comment_status":"closed","ping_status":"open","sticky":false,"template":"","format":"standard","meta":[],"categories":[15,23],"tags":[255,251,256,254,257,250,258,253,252,259],"yoast_head":"<!-- This site is optimized with the Yoast SEO plugin v19.4 - https:\/\/yoast.com\/wordpress\/plugins\/seo\/ -->\r\n<title>Conscientiza\u00e7\u00e3o Essencial para a Sa\u00fade Masculina<\/title>\r\n<meta name=\"description\" content=\"Novembro Azul e o movimento que busca sensibilizar a popula\u00e7\u00e3o masculina para a preven\u00e7\u00e3o do c\u00e2ncer de pr\u00f3stata.\" \/>\r\n<meta name=\"robots\" content=\"index, follow, max-snippet:-1, max-image-preview:large, max-video-preview:-1\" \/>\r\n<link rel=\"canonical\" href=\"https:\/\/acsiv.com.br\/blog\/2023\/11\/07\/novembro-azul-conscientizacao-essencial-para-a-saude-masculina\/\" \/>\r\n<meta property=\"og:locale\" content=\"pt_BR\" \/>\r\n<meta property=\"og:type\" content=\"article\" \/>\r\n<meta property=\"og:title\" content=\"Conscientiza\u00e7\u00e3o Essencial para a Sa\u00fade Masculina\" \/>\r\n<meta property=\"og:description\" content=\"Novembro Azul e o movimento que busca sensibilizar a popula\u00e7\u00e3o masculina para a preven\u00e7\u00e3o do c\u00e2ncer de pr\u00f3stata.\" \/>\r\n<meta property=\"og:url\" content=\"https:\/\/acsiv.com.br\/blog\/2023\/11\/07\/novembro-azul-conscientizacao-essencial-para-a-saude-masculina\/\" \/>\r\n<meta property=\"og:site_name\" content=\"Blog da Acsiv\" \/>\r\n<meta property=\"article:publisher\" content=\"https:\/\/www.facebook.com\/acsiv\" \/>\r\n<meta property=\"article:published_time\" content=\"2023-11-07T11:28:59+00:00\" \/>\r\n<meta property=\"article:modified_time\" content=\"2023-11-27T13:43:53+00:00\" \/>\r\n<meta property=\"og:image\" content=\"https:\/\/acsiv.com.br\/blog\/wp-content\/uploads\/2023\/11\/simbolo-do-novembro-azul-laco-azul_1_43329.webp\" \/>\r\n\t<meta property=\"og:image:width\" content=\"820\" \/>\r\n\t<meta property=\"og:image:height\" content=\"492\" \/>\r\n\t<meta property=\"og:image:type\" content=\"image\/webp\" \/>\r\n<meta name=\"author\" content=\"Eduardo Rodrigues\" \/>\r\n<meta name=\"twitter:card\" content=\"summary_large_image\" \/>\r\n<meta name=\"twitter:creator\" content=\"@acsiv\" \/>\r\n<meta name=\"twitter:site\" content=\"@acsiv\" \/>\r\n<meta name=\"twitter:label1\" content=\"Escrito por\" \/>\n\t<meta name=\"twitter:data1\" content=\"Eduardo Rodrigues\" \/>\n\t<meta name=\"twitter:label2\" content=\"Est. tempo de leitura\" \/>\n\t<meta name=\"twitter:data2\" content=\"3 minutos\" \/>\r\n<script type=\"application\/ld+json\" class=\"yoast-schema-graph\">{\"@context\":\"https:\/\/schema.org\",\"@graph\":[{\"@type\":\"Organization\",\"@id\":\"https:\/\/acsiv.com.br\/blog\/#organization\",\"name\":\"Acsiv Sistema\",\"url\":\"https:\/\/acsiv.com.br\/blog\/\",\"sameAs\":[\"https:\/\/instagram.com\/acsivsistemas\",\"https:\/\/pt.linkedin.com\/company\/acsiv\",\"https:\/\/www.facebook.com\/acsiv\",\"https:\/\/twitter.com\/acsiv\"],\"logo\":{\"@type\":\"ImageObject\",\"inLanguage\":\"pt-BR\",\"@id\":\"https:\/\/acsiv.com.br\/blog\/#\/schema\/logo\/image\/\",\"url\":\"https:\/\/acsiv.com.br\/blog\/wp-content\/uploads\/2020\/10\/Acsiv_logotipo.png\",\"contentUrl\":\"https:\/\/acsiv.com.br\/blog\/wp-content\/uploads\/2020\/10\/Acsiv_logotipo.png\",\"width\":1564,\"height\":668,\"caption\":\"Acsiv Sistema\"},\"image\":{\"@id\":\"https:\/\/acsiv.com.br\/blog\/#\/schema\/logo\/image\/\"}},{\"@type\":\"WebSite\",\"@id\":\"https:\/\/acsiv.com.br\/blog\/#website\",\"url\":\"https:\/\/acsiv.com.br\/blog\/\",\"name\":\"Blog da Acsiv\",\"description\":\"Conte\u00fado digital para cart\u00f3rios\",\"publisher\":{\"@id\":\"https:\/\/acsiv.com.br\/blog\/#organization\"},\"potentialAction\":[{\"@type\":\"SearchAction\",\"target\":{\"@type\":\"EntryPoint\",\"urlTemplate\":\"https:\/\/acsiv.com.br\/blog\/?s={search_term_string}\"},\"query-input\":\"required name=search_term_string\"}],\"inLanguage\":\"pt-BR\"},{\"@type\":\"WebPage\",\"@id\":\"https:\/\/acsiv.com.br\/blog\/2023\/11\/07\/novembro-azul-conscientizacao-essencial-para-a-saude-masculina\/\",\"url\":\"https:\/\/acsiv.com.br\/blog\/2023\/11\/07\/novembro-azul-conscientizacao-essencial-para-a-saude-masculina\/\",\"name\":\"Conscientiza\u00e7\u00e3o Essencial para a Sa\u00fade Masculina\",\"isPartOf\":{\"@id\":\"https:\/\/acsiv.com.br\/blog\/#website\"},\"datePublished\":\"2023-11-07T11:28:59+00:00\",\"dateModified\":\"2023-11-27T13:43:53+00:00\",\"description\":\"Novembro Azul e o movimento que busca sensibilizar a popula\u00e7\u00e3o masculina para a preven\u00e7\u00e3o do c\u00e2ncer de pr\u00f3stata.\",\"breadcrumb\":{\"@id\":\"https:\/\/acsiv.com.br\/blog\/2023\/11\/07\/novembro-azul-conscientizacao-essencial-para-a-saude-masculina\/#breadcrumb\"},\"inLanguage\":\"pt-BR\",\"potentialAction\":[{\"@type\":\"ReadAction\",\"target\":[\"https:\/\/acsiv.com.br\/blog\/2023\/11\/07\/novembro-azul-conscientizacao-essencial-para-a-saude-masculina\/\"]}]},{\"@type\":\"BreadcrumbList\",\"@id\":\"https:\/\/acsiv.com.br\/blog\/2023\/11\/07\/novembro-azul-conscientizacao-essencial-para-a-saude-masculina\/#breadcrumb\",\"itemListElement\":[{\"@type\":\"ListItem\",\"position\":1,\"name\":\"In\u00edcio\",\"item\":\"https:\/\/acsiv.com.br\/blog\/\"},{\"@type\":\"ListItem\",\"position\":2,\"name\":\"Novembro Azul: Conscientiza\u00e7\u00e3o Essencial para a Sa\u00fade Masculina\"}]},{\"@type\":\"Article\",\"@id\":\"https:\/\/acsiv.com.br\/blog\/2023\/11\/07\/novembro-azul-conscientizacao-essencial-para-a-saude-masculina\/#article\",\"isPartOf\":{\"@id\":\"https:\/\/acsiv.com.br\/blog\/2023\/11\/07\/novembro-azul-conscientizacao-essencial-para-a-saude-masculina\/\"},\"author\":{\"name\":\"Eduardo Rodrigues\",\"@id\":\"https:\/\/acsiv.com.br\/blog\/#\/schema\/person\/54fd566d0efeb6dc731df7e4e38ce156\"},\"headline\":\"Novembro Azul: Conscientiza\u00e7\u00e3o Essencial para a Sa\u00fade Masculina\",\"datePublished\":\"2023-11-07T11:28:59+00:00\",\"dateModified\":\"2023-11-27T13:43:53+00:00\",\"mainEntityOfPage\":{\"@id\":\"https:\/\/acsiv.com.br\/blog\/2023\/11\/07\/novembro-azul-conscientizacao-essencial-para-a-saude-masculina\/\"},\"wordCount\":567,\"publisher\":{\"@id\":\"https:\/\/acsiv.com.br\/blog\/#organization\"},\"keywords\":[\"#C\u00e2ncerdepr\u00f3stataepreven\u00e7\u00e3o\",\"#Conscientiza\u00e7\u00e3osobrec\u00e2ncerdepr\u00f3stata\",\"#Dicasdesa\u00fadeparahomens\",\"#Examesregularesparahomens\",\"#Import\u00e2nciadosexamespreventivos\",\"#NovembroAzul\",\"#NovembroAzulparaescreventes\",\"#Preven\u00e7\u00e3odoc\u00e2ncerdepr\u00f3stata\",\"#Sa\u00fademasculina\",\"#Titularesdecart\u00f3riosesa\u00fademasculina\"],\"articleSection\":[\"Cart\u00f3rios\",\"Dicas\"],\"inLanguage\":\"pt-BR\"},{\"@type\":\"Person\",\"@id\":\"https:\/\/acsiv.com.br\/blog\/#\/schema\/person\/54fd566d0efeb6dc731df7e4e38ce156\",\"name\":\"Eduardo Rodrigues\",\"image\":{\"@type\":\"ImageObject\",\"inLanguage\":\"pt-BR\",\"@id\":\"https:\/\/acsiv.com.br\/blog\/#\/schema\/person\/image\/\",\"url\":\"https:\/\/secure.gravatar.com\/avatar\/fee13940cf1da650036b52bc338d5881?s=96&d=mm&r=g\",\"contentUrl\":\"https:\/\/secure.gravatar.com\/avatar\/fee13940cf1da650036b52bc338d5881?s=96&d=mm&r=g\",\"caption\":\"Eduardo Rodrigues\"}}]}<\/script>\r\n<!-- \/ Yoast SEO plugin. -->","yoast_head_json":{"title":"Conscientiza\u00e7\u00e3o Essencial para a Sa\u00fade Masculina","description":"Novembro Azul e o movimento que busca sensibilizar a popula\u00e7\u00e3o masculina para a preven\u00e7\u00e3o do c\u00e2ncer de pr\u00f3stata.","robots":{"index":"index","follow":"follow","max-snippet":"max-snippet:-1","max-image-preview":"max-image-preview:large","max-video-preview":"max-video-preview:-1"},"canonical":"https:\/\/acsiv.com.br\/blog\/2023\/11\/07\/novembro-azul-conscientizacao-essencial-para-a-saude-masculina\/","og_locale":"pt_BR","og_type":"article","og_title":"Conscientiza\u00e7\u00e3o Essencial para a Sa\u00fade Masculina","og_description":"Novembro Azul e o movimento que busca sensibilizar a popula\u00e7\u00e3o masculina para a preven\u00e7\u00e3o do c\u00e2ncer de pr\u00f3stata.","og_url":"https:\/\/acsiv.com.br\/blog\/2023\/11\/07\/novembro-azul-conscientizacao-essencial-para-a-saude-masculina\/","og_site_name":"Blog da Acsiv","article_publisher":"https:\/\/www.facebook.com\/acsiv","article_published_time":"2023-11-07T11:28:59+00:00","article_modified_time":"2023-11-27T13:43:53+00:00","og_image":[{"width":820,"height":492,"url":"https:\/\/acsiv.com.br\/blog\/wp-content\/uploads\/2023\/11\/simbolo-do-novembro-azul-laco-azul_1_43329.webp","type":"image\/webp"}],"author":"Eduardo Rodrigues","twitter_card":"summary_large_image","twitter_creator":"@acsiv","twitter_site":"@acsiv","twitter_misc":{"Escrito por":"Eduardo Rodrigues","Est. tempo de leitura":"3 minutos"},"schema":{"@context":"https:\/\/schema.org","@graph":[{"@type":"Organization","@id":"https:\/\/acsiv.com.br\/blog\/#organization","name":"Acsiv Sistema","url":"https:\/\/acsiv.com.br\/blog\/","sameAs":["https:\/\/instagram.com\/acsivsistemas","https:\/\/pt.linkedin.com\/company\/acsiv","https:\/\/www.facebook.com\/acsiv","https:\/\/twitter.com\/acsiv"],"logo":{"@type":"ImageObject","inLanguage":"pt-BR","@id":"https:\/\/acsiv.com.br\/blog\/#\/schema\/logo\/image\/","url":"https:\/\/acsiv.com.br\/blog\/wp-content\/uploads\/2020\/10\/Acsiv_logotipo.png","contentUrl":"https:\/\/acsiv.com.br\/blog\/wp-content\/uploads\/2020\/10\/Acsiv_logotipo.png","width":1564,"height":668,"caption":"Acsiv Sistema"},"image":{"@id":"https:\/\/acsiv.com.br\/blog\/#\/schema\/logo\/image\/"}},{"@type":"WebSite","@id":"https:\/\/acsiv.com.br\/blog\/#website","url":"https:\/\/acsiv.com.br\/blog\/","name":"Blog da Acsiv","description":"Conte\u00fado digital para cart\u00f3rios","publisher":{"@id":"https:\/\/acsiv.com.br\/blog\/#organization"},"potentialAction":[{"@type":"SearchAction","target":{"@type":"EntryPoint","urlTemplate":"https:\/\/acsiv.com.br\/blog\/?s={search_term_string}"},"query-input":"required name=search_term_string"}],"inLanguage":"pt-BR"},{"@type":"WebPage","@id":"https:\/\/acsiv.com.br\/blog\/2023\/11\/07\/novembro-azul-conscientizacao-essencial-para-a-saude-masculina\/","url":"https:\/\/acsiv.com.br\/blog\/2023\/11\/07\/novembro-azul-conscientizacao-essencial-para-a-saude-masculina\/","name":"Conscientiza\u00e7\u00e3o Essencial para a Sa\u00fade Masculina","isPartOf":{"@id":"https:\/\/acsiv.com.br\/blog\/#website"},"datePublished":"2023-11-07T11:28:59+00:00","dateModified":"2023-11-27T13:43:53+00:00","description":"Novembro Azul e o movimento que busca sensibilizar a popula\u00e7\u00e3o masculina para a preven\u00e7\u00e3o do c\u00e2ncer de pr\u00f3stata.","breadcrumb":{"@id":"https:\/\/acsiv.com.br\/blog\/2023\/11\/07\/novembro-azul-conscientizacao-essencial-para-a-saude-masculina\/#breadcrumb"},"inLanguage":"pt-BR","potentialAction":[{"@type":"ReadAction","target":["https:\/\/acsiv.com.br\/blog\/2023\/11\/07\/novembro-azul-conscientizacao-essencial-para-a-saude-masculina\/"]}]},{"@type":"BreadcrumbList","@id":"https:\/\/acsiv.com.br\/blog\/2023\/11\/07\/novembro-azul-conscientizacao-essencial-para-a-saude-masculina\/#breadcrumb","itemListElement":[{"@type":"ListItem","position":1,"name":"In\u00edcio","item":"https:\/\/acsiv.com.br\/blog\/"},{"@type":"ListItem","position":2,"name":"Novembro Azul: Conscientiza\u00e7\u00e3o Essencial para a Sa\u00fade Masculina"}]},{"@type":"Article","@id":"https:\/\/acsiv.com.br\/blog\/2023\/11\/07\/novembro-azul-conscientizacao-essencial-para-a-saude-masculina\/#article","isPartOf":{"@id":"https:\/\/acsiv.com.br\/blog\/2023\/11\/07\/novembro-azul-conscientizacao-essencial-para-a-saude-masculina\/"},"author":{"name":"Eduardo Rodrigues","@id":"https:\/\/acsiv.com.br\/blog\/#\/schema\/person\/54fd566d0efeb6dc731df7e4e38ce156"},"headline":"Novembro Azul: Conscientiza\u00e7\u00e3o Essencial para a Sa\u00fade Masculina","datePublished":"2023-11-07T11:28:59+00:00","dateModified":"2023-11-27T13:43:53+00:00","mainEntityOfPage":{"@id":"https:\/\/acsiv.com.br\/blog\/2023\/11\/07\/novembro-azul-conscientizacao-essencial-para-a-saude-masculina\/"},"wordCount":567,"publisher":{"@id":"https:\/\/acsiv.com.br\/blog\/#organization"},"keywords":["#C\u00e2ncerdepr\u00f3stataepreven\u00e7\u00e3o","#Conscientiza\u00e7\u00e3osobrec\u00e2ncerdepr\u00f3stata","#Dicasdesa\u00fadeparahomens","#Examesregularesparahomens","#Import\u00e2nciadosexamespreventivos","#NovembroAzul","#NovembroAzulparaescreventes","#Preven\u00e7\u00e3odoc\u00e2ncerdepr\u00f3stata","#Sa\u00fademasculina","#Titularesdecart\u00f3riosesa\u00fademasculina"],"articleSection":["Cart\u00f3rios","Dicas"],"inLanguage":"pt-BR"},{"@type":"Person","@id":"https:\/\/acsiv.com.br\/blog\/#\/schema\/person\/54fd566d0efeb6dc731df7e4e38ce156","name":"Eduardo Rodrigues","image":{"@type":"ImageObject","inLanguage":"pt-BR","@id":"https:\/\/acsiv.com.br\/blog\/#\/schema\/person\/image\/","url":"https:\/\/secure.gravatar.com\/avatar\/fee13940cf1da650036b52bc338d5881?s=96&d=mm&r=g","contentUrl":"https:\/\/secure.gravatar.com\/avatar\/fee13940cf1da650036b52bc338d5881?s=96&d=mm&r=g","caption":"Eduardo Rodrigues"}}]}},"_links":{"self":[{"href":"https:\/\/acsiv.com.br\/blog\/wp-json\/wp\/v2\/posts\/796"}],"collection":[{"href":"https:\/\/acsiv.com.br\/blog\/wp-json\/wp\/v2\/posts"}],"about":[{"href":"https:\/\/acsiv.com.br\/blog\/wp-json\/wp\/v2\/types\/post"}],"author":[{"embeddable":true,"href":"https:\/\/acsiv.com.br\/blog\/wp-json\/wp\/v2\/users\/2"}],"replies":[{"embeddable":true,"href":"https:\/\/acsiv.com.br\/blog\/wp-json\/wp\/v2\/comments?post=796"}],"version-history":[{"count":2,"href":"https:\/\/acsiv.com.br\/blog\/wp-json\/wp\/v2\/posts\/796\/revisions"}],"predecessor-version":[{"id":799,"href":"https:\/\/acsiv.com.br\/blog\/wp-json\/wp\/v2\/posts\/796\/revisions\/799"}],"wp:featuredmedia":[{"embeddable":true,"href":"https:\/\/acsiv.com.br\/blog\/wp-json\/wp\/v2\/media\/797"}],"wp:attachment":[{"href":"https:\/\/acsiv.com.br\/blog\/wp-json\/wp\/v2\/media?parent=796"}],"wp:term":[{"taxonomy":"category","embeddable":true,"href":"https:\/\/acsiv.com.br\/blog\/wp-json\/wp\/v2\/categories?post=796"},{"taxonomy":"post_tag","embeddable":true,"href":"https:\/\/acsiv.com.br\/blog\/wp-json\/wp\/v2\/tags?post=796"}],"curies":[{"name":"wp","href":"https:\/\/api.w.org\/{rel}","templated":true}]}}