{"id":1563,"date":"2026-09-02T09:39:10","date_gmt":"2026-09-02T12:39:10","guid":{"rendered":"https:\/\/acsiv.com.br\/blog\/?p=1563"},"modified":"2026-09-02T09:40:58","modified_gmt":"2026-09-02T12:40:58","slug":"setembro-amarelo-no-cartorio","status":"publish","type":"post","link":"https:\/\/acsiv.com.br\/blog\/2026\/09\/02\/setembro-amarelo-no-cartorio\/","title":{"rendered":"Setembro Amarelo no cart\u00f3rio: sua equipe realmente pode dizer que n\u00e3o est\u00e1 bem?"},"content":{"rendered":"\n<p><\/p>\n\n\n\n<p>Em setembro, muitos cart\u00f3rios e serventias costumam publicar mensagens como \u201cvoc\u00ea n\u00e3o est\u00e1 sozinho\u201d, \u201cpedir ajuda \u00e9 um ato de coragem\u201d e \u201ccuide da sua sa\u00fade mental\u201d.<\/p>\n\n\n\n<p>S\u00e3o mensagens importantes. Mas, dentro do ambiente de trabalho, existe uma pergunta que deveria vir antes delas:<\/p>\n\n\n\n<p><strong>O que acontece quando algu\u00e9m da pr\u00f3pria equipe diz que n\u00e3o est\u00e1 bem?<\/strong><\/p>\n\n\n\n<p>No cart\u00f3rio, essa pergunta merece aten\u00e7\u00e3o. Uma serventia pode aderir ao Setembro Amarelo nas redes sociais e, ainda assim, manter uma rotina em que admitir sobrecarga \u00e9 interpretado como falta de comprometimento, dificuldade profissional ou incapacidade de \u201cdar conta\u201d.<\/p>\n\n\n\n<p>\u00c9 justamente nessa dist\u00e2ncia entre o discurso e a pr\u00e1tica que o <a href=\"https:\/\/acsiv.com.br\/blog\/2024\/09\/10\/setembro-amarelo-a-importancia-da-conscientizacao-sobre-o-suicidio-nas-organizacoes\/\" target=\"_blank\" rel=\"noreferrer noopener\"><strong>Setembro Amarelo no cart\u00f3rio<\/strong> <\/a>pode provocar uma reflex\u00e3o diferente.<\/p>\n\n\n\n<p><strong>A campanha termina no post ou chega \u00e0 rotina da serventia?<\/strong><\/p>\n\n\n\n<p>Imagine algumas situa\u00e7\u00f5es.<\/p>\n\n\n\n<p>A serventia publica que \u00e9 importante pedir ajuda. Na mesma semana, um colaborador diz que n\u00e3o est\u00e1 conseguindo administrar o volume de trabalho e escuta:<\/p>\n\n\n\n<p><strong>\u201cEst\u00e1 puxado para todo mundo.\u201d<\/strong><\/p>\n\n\n\n<p>O cart\u00f3rio fala sobre equil\u00edbrio, mas responder mensagens depois do expediente virou uma demonstra\u00e7\u00e3o informal de comprometimento.<\/p>\n\n\n\n<p>A equipe \u00e9 incentivada a falar quando algo n\u00e3o vai bem, mas quem admite uma dificuldade come\u00e7a a ser visto como algu\u00e9m que <a href=\"https:\/\/acsiv.com.br\/blog\/2024\/01\/17\/ra\/\" target=\"_blank\" rel=\"noreferrer noopener\">\u201cn\u00e3o aguenta press\u00e3o\u201d<\/a>.<\/p>\n\n\n\n<p>Nenhuma dessas situa\u00e7\u00f5es exige necessariamente uma inten\u00e7\u00e3o ruim por parte da lideran\u00e7a. Muitas vezes, s\u00e3o comportamentos que foram incorporados \u00e0 cultura da serventia e deixaram de ser questionados.<\/p>\n\n\n\n<p>\u00c9 justamente por isso que uma campanha como o Setembro Amarelo pode ser \u00fatil: n\u00e3o apenas para falar sobre sa\u00fade mental, mas para observar <strong>se o comportamento cotidiano da serventia \u00e9 coerente com aquilo que ela comunica<\/strong>.<\/p>\n\n\n\n<p><strong>Pedir ajuda no trabalho n\u00e3o \u00e9 pedir que o gestor resolva a vida pessoal<\/strong><\/p>\n\n\n\n<p>Existe uma distin\u00e7\u00e3o importante.<\/p>\n\n\n\n<p>Criar um ambiente em que algu\u00e9m possa comunicar uma dificuldade n\u00e3o significa transformar titulares, interinos ou gestores em terapeutas.<\/p>\n\n\n\n<p>Tamb\u00e9m n\u00e3o significa que a serventia tenha responsabilidade por resolver todos os problemas pessoais de seus colaboradores.<\/p>\n\n\n\n<p>O papel da lideran\u00e7a est\u00e1 relacionado \u00e0quilo que pertence ao ambiente de trabalho.<\/p>\n\n\n\n<p>Se uma pessoa comunica que n\u00e3o est\u00e1 conseguindo executar adequadamente determinada atividade, por exemplo, a primeira resposta n\u00e3o precisa ser uma investiga\u00e7\u00e3o sobre sua vida pessoal.<\/p>\n\n\n\n<p>Pode ser uma an\u00e1lise objetiva:<\/p>\n\n\n\n<ul>\n<li>o volume de trabalho est\u00e1 compat\u00edvel com a capacidade dispon\u00edvel?<\/li>\n\n\n\n<li>as responsabilidades est\u00e3o claras?<\/li>\n\n\n\n<li>existe alguma dificuldade t\u00e9cnica?<\/li>\n\n\n\n<li>houve treinamento suficiente?<\/li>\n\n\n\n<li>existe uma situa\u00e7\u00e3o excepcional aumentando a demanda?<\/li>\n\n\n\n<li>h\u00e1 algum obst\u00e1culo operacional que precisa ser corrigido?<\/li>\n<\/ul>\n\n\n\n<p>Pode haver uma quest\u00e3o pessoal. Pode haver uma quest\u00e3o profissional. E as duas coisas tamb\u00e9m podem coexistir.<\/p>\n\n\n\n<p>A lideran\u00e7a n\u00e3o precisa diagnosticar a origem do sofrimento para ouvir o que est\u00e1 sendo comunicado e avaliar aquilo sobre o qual efetivamente pode agir. Quando a sobrecarga se torna persistente, tamb\u00e9m \u00e9 importante conhecer os sinais de burnout e as formas de preven\u00e7\u00e3o no ambiente cartor\u00e1rio.<\/p>\n\n\n\n<p><strong><a href=\"https:\/\/portal.fgv.br\/noticias\/saude-mental-da-lideranca-e-desafio-crescente-nas-organizacoes\" target=\"_blank\" rel=\"noreferrer noopener\">Quando \u201cdar conta\u201d vira parte da cultura<\/a><\/strong><\/p>\n\n\n\n<p>Em ambientes de muita responsabilidade, algumas atitudes podem come\u00e7ar a ser valorizadas sem que ningu\u00e9m tenha decidido formalmente que deveriam ser.<\/p>\n\n\n\n<p>Ficar depois do hor\u00e1rio.<\/p>\n\n\n\n<p>Responder durante o descanso.<\/p>\n\n\n\n<p>Evitar pedir ajuda.<\/p>\n\n\n\n<p>Assumir mais uma tarefa mesmo quando a capacidade j\u00e1 chegou ao limite.<\/p>\n\n\n\n<p>N\u00e3o demonstrar dificuldade.<\/p>\n\n\n\n<p>Aos poucos, essas atitudes podem ser confundidas com comprometimento.<\/p>\n\n\n\n<p>E surge um problema: <strong>quem percebe que n\u00e3o est\u00e1 conseguindo acompanhar pode concluir que falar \u00e9 mais arriscado do que permanecer em sil\u00eancio.<\/strong><\/p>\n\n\n\n<p>Isso n\u00e3o significa que toda carga elevada de trabalho seja inadequada. A atividade extrajudicial possui per\u00edodos de maior movimento, prazos, responsabilidades e situa\u00e7\u00f5es que realmente exigem respostas r\u00e1pidas.<\/p>\n\n\n\n<p>Tamb\u00e9m n\u00e3o significa retirar do colaborador a responsabilidade por suas atribui\u00e7\u00f5es.<\/p>\n\n\n\n<p>A quest\u00e3o \u00e9 outra: uma equipe saud\u00e1vel precisa conseguir diferenciar <strong>responsabilidade profissional de disponibilidade ilimitada<\/strong>.<\/p>\n\n\n\n<p><strong>O erro tamb\u00e9m pode ser um sinal de que algo precisa ser observado<\/strong><\/p>\n\n\n\n<p>Considere uma colaboradora que normalmente executa suas atividades com seguran\u00e7a, mas come\u00e7a a cometer erros recorrentes.<\/p>\n\n\n\n<p>A primeira rea\u00e7\u00e3o pode ser:<\/p>\n\n\n\n<p><strong>\u201cVoc\u00ea precisa prestar mais aten\u00e7\u00e3o.\u201d<\/strong><\/p>\n\n\n\n<p>Talvez precise.<\/p>\n\n\n\n<p>Mas essa n\u00e3o precisa ser a \u00fanica pergunta.<\/p>\n\n\n\n<p>O comportamento mudou recentemente? Ela assumiu novas atividades? Est\u00e1 cobrindo outra pessoa? Houve altera\u00e7\u00e3o de procedimento? As interrup\u00e7\u00f5es aumentaram? Existe uma dificuldade que j\u00e1 havia sido comunicada?<\/p>\n\n\n\n<p>Investigar o contexto n\u00e3o elimina a responsabilidade individual pelo trabalho realizado.<\/p>\n\n\n\n<p>Ao contr\u00e1rio: permite compreender melhor o problema antes de decidir como corrigi-lo.<\/p>\n\n\n\n<p>Em uma serventia, na qual determinados atos exigem aten\u00e7\u00e3o, confer\u00eancia e responsabilidade, identificar a origem de falhas recorrentes tamb\u00e9m \u00e9 uma quest\u00e3o de gest\u00e3o.<\/p>\n\n\n\n<p><strong>O jeito como a lideran\u00e7a responde importa<\/strong><\/p>\n\n\n\n<p>Nem sempre ser\u00e1 poss\u00edvel reduzir uma demanda ou resolver imediatamente aquilo que est\u00e1 causando dificuldade.<\/p>\n\n\n\n<p>Mesmo assim, existe diferen\u00e7a entre respostas como:<\/p>\n\n\n\n<p><strong>\u201cTodo mundo est\u00e1 sobrecarregado.\u201d<\/strong><\/p>\n\n\n\n<p>e:<\/p>\n\n\n\n<p><strong>\u201cEntendi. Vamos identificar exatamente onde est\u00e1 a dificuldade e verificar o que \u00e9 poss\u00edvel fazer.\u201d<\/strong><\/p>\n\n\n\n<p>A segunda resposta n\u00e3o promete uma solu\u00e7\u00e3o.<\/p>\n\n\n\n<p>Ela apenas demonstra que aquilo que foi comunicado ser\u00e1 considerado.<\/p>\n\n\n\n<p>Esse detalhe importa porque as pessoas observam n\u00e3o apenas o que a serventia diz, mas o que acontece com quem decide falar.<\/p>\n\n\n\n<p>Se toda manifesta\u00e7\u00e3o de dificuldade termina em julgamento, compara\u00e7\u00e3o ou cobran\u00e7a imediata, a tend\u00eancia \u00e9 que os pr\u00f3ximos problemas permane\u00e7am escondidos por mais tempo.<\/p>\n\n\n\n<p><strong>Escutar tamb\u00e9m exige limites<\/strong><\/p>\n\n\n\n<p>Acolhimento n\u00e3o significa ultrapassar limites profissionais.<\/p>\n\n\n\n<p>Gestores e colegas n\u00e3o devem tentar diagnosticar transtornos, pressionar algu\u00e9m a revelar quest\u00f5es pessoais ou assumir fun\u00e7\u00f5es que pertencem a profissionais habilitados.<\/p>\n\n\n\n<p>Tamb\u00e9m \u00e9 necess\u00e1rio ter cuidado com a exposi\u00e7\u00e3o.<\/p>\n\n\n\n<p>Uma conversa individual sobre uma dificuldade n\u00e3o deve virar assunto informal entre colegas ou exemplo utilizado posteriormente diante da equipe.<\/p>\n\n\n\n<p>Se houver necessidade de apoio especializado, a orienta\u00e7\u00e3o adequada \u00e9 incentivar a busca por profissionais e servi\u00e7os capacitados.<\/p>\n\n\n\n<p>Em emerg\u00eancias ou risco imediato, devem ser procurados os servi\u00e7os de urg\u00eancia e emerg\u00eancia.<\/p>\n\n\n\n<p>O <a href=\"https:\/\/cvv.org.br\/ligue-188-3\/\" target=\"_blank\" rel=\"noreferrer noopener\"><strong>Centro de Valoriza\u00e7\u00e3o da Vida (CVV)<\/strong><\/a> tamb\u00e9m oferece apoio emocional gratuito pelo telefone <strong>188<\/strong>, 24 horas por dia.<\/p>\n\n\n\n<p><strong>Antes da publica\u00e7\u00e3o de Setembro Amarelo, fa\u00e7a um teste simples<\/strong><\/p>\n\n\n\n<p>Antes de publicar a pr\u00f3xima mensagem sobre sa\u00fade mental, titulares e gestores podem fazer um exerc\u00edcio.<\/p>\n\n\n\n<p>Pense em um colaborador dizendo:<\/p>\n\n\n\n<p><strong>\u201cEu n\u00e3o estou conseguindo.\u201d<\/strong><\/p>\n\n\n\n<p>Agora responda mentalmente:<\/p>\n\n\n\n<p><strong>Qual seria a primeira rea\u00e7\u00e3o da nossa lideran\u00e7a?<\/strong><\/p>\n\n\n\n<p>Seria tentar entender o que aconteceu?<\/p>\n\n\n\n<p>Seria procurar imediatamente um culpado?<\/p>\n\n\n\n<p>Seria comparar aquela pessoa com os demais?<\/p>\n\n\n\n<p>Seria dizer que todos est\u00e3o passando pela mesma situa\u00e7\u00e3o?<\/p>\n\n\n\n<p>Seria interpretar a fala como falta de comprometimento?<\/p>\n\n\n\n<p>Ou haveria espa\u00e7o para compreender o problema antes de decidir o que fazer?<\/p>\n\n\n\n<p>Essa resposta diz mais sobre a cultura da serventia do que qualquer publica\u00e7\u00e3o de Setembro Amarelo.<\/p>\n\n\n\n<p><a href=\"https:\/\/acsiv.com.br\/blog\/2026\/08\/18\/como-transformar-reunioes-equipe-decisoes-serventia\/\" target=\"_blank\" rel=\"noreferrer noopener\">Criar espa\u00e7os objetivos de di\u00e1logo tamb\u00e9m ajuda a transformar dificuldades da rotina em decis\u00f5es pr\u00e1ticas para a serventia.<\/a><\/p>\n\n\n\n<p><strong>Sa\u00fade mental no trabalho n\u00e3o significa aus\u00eancia de cobran\u00e7a<\/strong><strong><\/strong><\/p>\n\n\n\n<p>Existe ainda um cuidado importante: falar sobre acolhimento n\u00e3o significa defender um ambiente sem responsabilidade, cobran\u00e7a ou avalia\u00e7\u00e3o de desempenho.<\/p>\n\n\n\n<p>Uma serventia precisa de procedimentos corretos, cumprimento de prazos, responsabilidade pelos atos praticados e qualidade no atendimento ao cidad\u00e3o.<\/p>\n\n\n\n<p>Problemas precisam ser corrigidos.<\/p>\n\n\n\n<p>Erros precisam ser tratados.<\/p>\n\n\n\n<p>Responsabilidades precisam estar claras.<\/p>\n\n\n\n<p>A diferen\u00e7a est\u00e1 em compreender que cobrar resultado e ouvir uma dificuldade n\u00e3o s\u00e3o atitudes incompat\u00edveis.<\/p>\n\n\n\n<p>Uma lideran\u00e7a pode manter expectativas profissionais e, ao mesmo tempo, permitir que um colaborador comunique que existe um problema antes que ele se torne maior.<\/p>\n\n\n\n<p><strong>Setembro termina. A resposta da lideran\u00e7a continua.<\/strong><\/p>\n\n\n\n<p>O Setembro Amarelo pode colocar a sa\u00fade mental em evid\u00eancia durante algumas semanas. Mas a cultura de um cart\u00f3rio \u00e9 constru\u00edda nos outros meses do ano.<\/p>\n\n\n\n<p>Ela aparece quando algu\u00e9m comete um erro.<\/p>\n\n\n\n<p>Quando uma pessoa pede ajuda.<\/p>\n\n\n\n<p>Quando um colaborador admite que n\u00e3o sabe realizar determinada atividade.<\/p>\n\n\n\n<p>Quando algu\u00e9m diz que est\u00e1 sobrecarregado.<\/p>\n\n\n\n<p>Quando surge um problema que ningu\u00e9m havia previsto.<\/p>\n\n\n\n<p>Nesses momentos, a equipe aprende quais comportamentos s\u00e3o realmente permitidos naquele ambiente.<\/p>\n\n\n\n<p>Por isso, talvez a pergunta mais importante deste Setembro Amarelo n\u00e3o seja simplesmente <strong>\u201cnossa serventia fala sobre sa\u00fade mental?\u201d<\/strong><\/p>\n\n\n\n<p>A pergunta pode ser outra:<\/p>\n\n\n\n<p><strong>Se algu\u00e9m da nossa equipe disser amanh\u00e3 <a href=\"https:\/\/acsiv.com.br\/blog\/2026\/01\/20\/burnout-nos-cartorios-prevencao-sinais-e-acoes-com-base-no-janeiro-branco\/\" target=\"_blank\" rel=\"noreferrer noopener\">\u201ceu n\u00e3o estou bem e preciso de ajuda\u201d<\/a>, o que acontecer\u00e1 depois?<\/strong><\/p>\n\n\n\n<p>A resposta n\u00e3o est\u00e1 na campanha.<\/p>\n\n\n\n<p>Est\u00e1 na cultura que a serventia constr\u00f3i todos os dias.<\/p>\n\n\n\n<p class=\"has-text-align-right\">Escrito por: Isabella Flores<\/p>\n","protected":false},"excerpt":{"rendered":"<p>O Setembro Amarelo tamb\u00e9m pode levar uma reflex\u00e3o para dentro da serventia: o que acontece quando um colaborador realmente diz que n\u00e3o est\u00e1 bem? O artigo discute como a rea\u00e7\u00e3o da lideran\u00e7a, a cultura do cart\u00f3rio e a forma de lidar com dificuldades podem tornar o discurso sobre sa\u00fade mental mais coerente com a rotina de trabalho.<\/p>\n","protected":false},"author":2,"featured_media":1564,"comment_status":"closed","ping_status":"open","sticky":false,"template":"","format":"standard","meta":[],"categories":[15,23],"tags":[1287,199,1283,1286,1037,364,1285],"yoast_head":"<!-- This site is optimized with the Yoast SEO plugin v19.4 - https:\/\/yoast.com\/wordpress\/plugins\/seo\/ -->\r\n<title>Como o Cart\u00f3rio Pode Acolher Sem Perder a Gest\u00e3o?<\/title>\r\n<meta name=\"description\" content=\"Setembro Amarelo no cart\u00f3rio: reflita sobre como a lideran\u00e7a reage quando um colaborador diz que n\u00e3o est\u00e1 bem ou precisa de ajuda.\" \/>\r\n<meta name=\"robots\" content=\"index, follow, max-snippet:-1, max-image-preview:large, max-video-preview:-1\" \/>\r\n<link rel=\"canonical\" href=\"https:\/\/acsiv.com.br\/blog\/2026\/09\/02\/setembro-amarelo-no-cartorio\/\" \/>\r\n<meta property=\"og:locale\" content=\"pt_BR\" \/>\r\n<meta property=\"og:type\" content=\"article\" \/>\r\n<meta property=\"og:title\" content=\"Como o Cart\u00f3rio Pode Acolher Sem Perder a Gest\u00e3o?\" \/>\r\n<meta property=\"og:description\" content=\"Setembro Amarelo no cart\u00f3rio: reflita sobre como a lideran\u00e7a reage quando um colaborador diz que n\u00e3o est\u00e1 bem ou precisa de ajuda.\" \/>\r\n<meta property=\"og:url\" content=\"https:\/\/acsiv.com.br\/blog\/2026\/09\/02\/setembro-amarelo-no-cartorio\/\" \/>\r\n<meta property=\"og:site_name\" content=\"Blog da Acsiv\" \/>\r\n<meta property=\"article:publisher\" content=\"https:\/\/www.facebook.com\/acsiv\" \/>\r\n<meta property=\"article:published_time\" content=\"2026-09-02T12:39:10+00:00\" \/>\r\n<meta property=\"article:modified_time\" content=\"2026-09-02T12:40:58+00:00\" \/>\r\n<meta property=\"og:image\" content=\"https:\/\/acsiv.com.br\/blog\/wp-content\/uploads\/2026\/09\/blog.jpg\" \/>\r\n\t<meta property=\"og:image:width\" content=\"1536\" \/>\r\n\t<meta property=\"og:image:height\" content=\"1024\" \/>\r\n\t<meta property=\"og:image:type\" content=\"image\/jpeg\" \/>\r\n<meta name=\"author\" content=\"Eduardo Rodrigues\" \/>\r\n<meta name=\"twitter:card\" content=\"summary_large_image\" \/>\r\n<meta name=\"twitter:creator\" content=\"@acsiv\" \/>\r\n<meta name=\"twitter:site\" content=\"@acsiv\" \/>\r\n<meta name=\"twitter:label1\" content=\"Escrito por\" \/>\n\t<meta name=\"twitter:data1\" content=\"Eduardo Rodrigues\" \/>\n\t<meta name=\"twitter:label2\" content=\"Est. tempo de leitura\" \/>\n\t<meta name=\"twitter:data2\" content=\"8 minutos\" \/>\r\n<script type=\"application\/ld+json\" class=\"yoast-schema-graph\">{\"@context\":\"https:\/\/schema.org\",\"@graph\":[{\"@type\":\"Organization\",\"@id\":\"https:\/\/acsiv.com.br\/blog\/#organization\",\"name\":\"Acsiv Sistema\",\"url\":\"https:\/\/acsiv.com.br\/blog\/\",\"sameAs\":[\"https:\/\/instagram.com\/acsivsistemas\",\"https:\/\/pt.linkedin.com\/company\/acsiv\",\"https:\/\/www.facebook.com\/acsiv\",\"https:\/\/twitter.com\/acsiv\"],\"logo\":{\"@type\":\"ImageObject\",\"inLanguage\":\"pt-BR\",\"@id\":\"https:\/\/acsiv.com.br\/blog\/#\/schema\/logo\/image\/\",\"url\":\"https:\/\/acsiv.com.br\/blog\/wp-content\/uploads\/2020\/10\/Acsiv_logotipo.png\",\"contentUrl\":\"https:\/\/acsiv.com.br\/blog\/wp-content\/uploads\/2020\/10\/Acsiv_logotipo.png\",\"width\":1564,\"height\":668,\"caption\":\"Acsiv Sistema\"},\"image\":{\"@id\":\"https:\/\/acsiv.com.br\/blog\/#\/schema\/logo\/image\/\"}},{\"@type\":\"WebSite\",\"@id\":\"https:\/\/acsiv.com.br\/blog\/#website\",\"url\":\"https:\/\/acsiv.com.br\/blog\/\",\"name\":\"Blog da Acsiv\",\"description\":\"Conte\u00fado digital para cart\u00f3rios\",\"publisher\":{\"@id\":\"https:\/\/acsiv.com.br\/blog\/#organization\"},\"potentialAction\":[{\"@type\":\"SearchAction\",\"target\":{\"@type\":\"EntryPoint\",\"urlTemplate\":\"https:\/\/acsiv.com.br\/blog\/?s={search_term_string}\"},\"query-input\":\"required name=search_term_string\"}],\"inLanguage\":\"pt-BR\"},{\"@type\":\"WebPage\",\"@id\":\"https:\/\/acsiv.com.br\/blog\/2026\/09\/02\/setembro-amarelo-no-cartorio\/\",\"url\":\"https:\/\/acsiv.com.br\/blog\/2026\/09\/02\/setembro-amarelo-no-cartorio\/\",\"name\":\"Como o Cart\u00f3rio Pode Acolher Sem Perder a Gest\u00e3o?\",\"isPartOf\":{\"@id\":\"https:\/\/acsiv.com.br\/blog\/#website\"},\"datePublished\":\"2026-09-02T12:39:10+00:00\",\"dateModified\":\"2026-09-02T12:40:58+00:00\",\"description\":\"Setembro Amarelo no cart\u00f3rio: reflita sobre como a lideran\u00e7a reage quando um colaborador diz que n\u00e3o est\u00e1 bem ou precisa de ajuda.\",\"breadcrumb\":{\"@id\":\"https:\/\/acsiv.com.br\/blog\/2026\/09\/02\/setembro-amarelo-no-cartorio\/#breadcrumb\"},\"inLanguage\":\"pt-BR\",\"potentialAction\":[{\"@type\":\"ReadAction\",\"target\":[\"https:\/\/acsiv.com.br\/blog\/2026\/09\/02\/setembro-amarelo-no-cartorio\/\"]}]},{\"@type\":\"BreadcrumbList\",\"@id\":\"https:\/\/acsiv.com.br\/blog\/2026\/09\/02\/setembro-amarelo-no-cartorio\/#breadcrumb\",\"itemListElement\":[{\"@type\":\"ListItem\",\"position\":1,\"name\":\"In\u00edcio\",\"item\":\"https:\/\/acsiv.com.br\/blog\/\"},{\"@type\":\"ListItem\",\"position\":2,\"name\":\"Setembro Amarelo no cart\u00f3rio: sua equipe realmente pode dizer que n\u00e3o est\u00e1 bem?\"}]},{\"@type\":\"Article\",\"@id\":\"https:\/\/acsiv.com.br\/blog\/2026\/09\/02\/setembro-amarelo-no-cartorio\/#article\",\"isPartOf\":{\"@id\":\"https:\/\/acsiv.com.br\/blog\/2026\/09\/02\/setembro-amarelo-no-cartorio\/\"},\"author\":{\"name\":\"Eduardo Rodrigues\",\"@id\":\"https:\/\/acsiv.com.br\/blog\/#\/schema\/person\/54fd566d0efeb6dc731df7e4e38ce156\"},\"headline\":\"Setembro Amarelo no cart\u00f3rio: sua equipe realmente pode dizer que n\u00e3o est\u00e1 bem?\",\"datePublished\":\"2026-09-02T12:39:10+00:00\",\"dateModified\":\"2026-09-02T12:40:58+00:00\",\"mainEntityOfPage\":{\"@id\":\"https:\/\/acsiv.com.br\/blog\/2026\/09\/02\/setembro-amarelo-no-cartorio\/\"},\"wordCount\":1526,\"publisher\":{\"@id\":\"https:\/\/acsiv.com.br\/blog\/#organization\"},\"keywords\":[\"#Ambiente de Trabalho\",\"#Cart\u00f3rios\",\"#gest\u00e3o de cart\u00f3rios\",\"#Gest\u00e3o de Pessoas\",\"#lideran\u00e7a\",\"#sa\u00fade mental\",\"#Setembro Amarelo\"],\"articleSection\":[\"Cart\u00f3rios\",\"Dicas\"],\"inLanguage\":\"pt-BR\"},{\"@type\":\"Person\",\"@id\":\"https:\/\/acsiv.com.br\/blog\/#\/schema\/person\/54fd566d0efeb6dc731df7e4e38ce156\",\"name\":\"Eduardo Rodrigues\",\"image\":{\"@type\":\"ImageObject\",\"inLanguage\":\"pt-BR\",\"@id\":\"https:\/\/acsiv.com.br\/blog\/#\/schema\/person\/image\/\",\"url\":\"https:\/\/secure.gravatar.com\/avatar\/fee13940cf1da650036b52bc338d5881?s=96&d=mm&r=g\",\"contentUrl\":\"https:\/\/secure.gravatar.com\/avatar\/fee13940cf1da650036b52bc338d5881?s=96&d=mm&r=g\",\"caption\":\"Eduardo Rodrigues\"}}]}<\/script>\r\n<!-- \/ Yoast SEO plugin. -->","yoast_head_json":{"title":"Como o Cart\u00f3rio Pode Acolher Sem Perder a Gest\u00e3o?","description":"Setembro Amarelo no cart\u00f3rio: reflita sobre como a lideran\u00e7a reage quando um colaborador diz que n\u00e3o est\u00e1 bem ou precisa de ajuda.","robots":{"index":"index","follow":"follow","max-snippet":"max-snippet:-1","max-image-preview":"max-image-preview:large","max-video-preview":"max-video-preview:-1"},"canonical":"https:\/\/acsiv.com.br\/blog\/2026\/09\/02\/setembro-amarelo-no-cartorio\/","og_locale":"pt_BR","og_type":"article","og_title":"Como o Cart\u00f3rio Pode Acolher Sem Perder a Gest\u00e3o?","og_description":"Setembro Amarelo no cart\u00f3rio: reflita sobre como a lideran\u00e7a reage quando um colaborador diz que n\u00e3o est\u00e1 bem ou precisa de ajuda.","og_url":"https:\/\/acsiv.com.br\/blog\/2026\/09\/02\/setembro-amarelo-no-cartorio\/","og_site_name":"Blog da Acsiv","article_publisher":"https:\/\/www.facebook.com\/acsiv","article_published_time":"2026-09-02T12:39:10+00:00","article_modified_time":"2026-09-02T12:40:58+00:00","og_image":[{"width":1536,"height":1024,"url":"https:\/\/acsiv.com.br\/blog\/wp-content\/uploads\/2026\/09\/blog.jpg","type":"image\/jpeg"}],"author":"Eduardo Rodrigues","twitter_card":"summary_large_image","twitter_creator":"@acsiv","twitter_site":"@acsiv","twitter_misc":{"Escrito por":"Eduardo Rodrigues","Est. tempo de leitura":"8 minutos"},"schema":{"@context":"https:\/\/schema.org","@graph":[{"@type":"Organization","@id":"https:\/\/acsiv.com.br\/blog\/#organization","name":"Acsiv Sistema","url":"https:\/\/acsiv.com.br\/blog\/","sameAs":["https:\/\/instagram.com\/acsivsistemas","https:\/\/pt.linkedin.com\/company\/acsiv","https:\/\/www.facebook.com\/acsiv","https:\/\/twitter.com\/acsiv"],"logo":{"@type":"ImageObject","inLanguage":"pt-BR","@id":"https:\/\/acsiv.com.br\/blog\/#\/schema\/logo\/image\/","url":"https:\/\/acsiv.com.br\/blog\/wp-content\/uploads\/2020\/10\/Acsiv_logotipo.png","contentUrl":"https:\/\/acsiv.com.br\/blog\/wp-content\/uploads\/2020\/10\/Acsiv_logotipo.png","width":1564,"height":668,"caption":"Acsiv Sistema"},"image":{"@id":"https:\/\/acsiv.com.br\/blog\/#\/schema\/logo\/image\/"}},{"@type":"WebSite","@id":"https:\/\/acsiv.com.br\/blog\/#website","url":"https:\/\/acsiv.com.br\/blog\/","name":"Blog da Acsiv","description":"Conte\u00fado digital para cart\u00f3rios","publisher":{"@id":"https:\/\/acsiv.com.br\/blog\/#organization"},"potentialAction":[{"@type":"SearchAction","target":{"@type":"EntryPoint","urlTemplate":"https:\/\/acsiv.com.br\/blog\/?s={search_term_string}"},"query-input":"required name=search_term_string"}],"inLanguage":"pt-BR"},{"@type":"WebPage","@id":"https:\/\/acsiv.com.br\/blog\/2026\/09\/02\/setembro-amarelo-no-cartorio\/","url":"https:\/\/acsiv.com.br\/blog\/2026\/09\/02\/setembro-amarelo-no-cartorio\/","name":"Como o Cart\u00f3rio Pode Acolher Sem Perder a Gest\u00e3o?","isPartOf":{"@id":"https:\/\/acsiv.com.br\/blog\/#website"},"datePublished":"2026-09-02T12:39:10+00:00","dateModified":"2026-09-02T12:40:58+00:00","description":"Setembro Amarelo no cart\u00f3rio: reflita sobre como a lideran\u00e7a reage quando um colaborador diz que n\u00e3o est\u00e1 bem ou precisa de ajuda.","breadcrumb":{"@id":"https:\/\/acsiv.com.br\/blog\/2026\/09\/02\/setembro-amarelo-no-cartorio\/#breadcrumb"},"inLanguage":"pt-BR","potentialAction":[{"@type":"ReadAction","target":["https:\/\/acsiv.com.br\/blog\/2026\/09\/02\/setembro-amarelo-no-cartorio\/"]}]},{"@type":"BreadcrumbList","@id":"https:\/\/acsiv.com.br\/blog\/2026\/09\/02\/setembro-amarelo-no-cartorio\/#breadcrumb","itemListElement":[{"@type":"ListItem","position":1,"name":"In\u00edcio","item":"https:\/\/acsiv.com.br\/blog\/"},{"@type":"ListItem","position":2,"name":"Setembro Amarelo no cart\u00f3rio: sua equipe realmente pode dizer que n\u00e3o est\u00e1 bem?"}]},{"@type":"Article","@id":"https:\/\/acsiv.com.br\/blog\/2026\/09\/02\/setembro-amarelo-no-cartorio\/#article","isPartOf":{"@id":"https:\/\/acsiv.com.br\/blog\/2026\/09\/02\/setembro-amarelo-no-cartorio\/"},"author":{"name":"Eduardo Rodrigues","@id":"https:\/\/acsiv.com.br\/blog\/#\/schema\/person\/54fd566d0efeb6dc731df7e4e38ce156"},"headline":"Setembro Amarelo no cart\u00f3rio: sua equipe realmente pode dizer que n\u00e3o est\u00e1 bem?","datePublished":"2026-09-02T12:39:10+00:00","dateModified":"2026-09-02T12:40:58+00:00","mainEntityOfPage":{"@id":"https:\/\/acsiv.com.br\/blog\/2026\/09\/02\/setembro-amarelo-no-cartorio\/"},"wordCount":1526,"publisher":{"@id":"https:\/\/acsiv.com.br\/blog\/#organization"},"keywords":["#Ambiente de Trabalho","#Cart\u00f3rios","#gest\u00e3o de cart\u00f3rios","#Gest\u00e3o de Pessoas","#lideran\u00e7a","#sa\u00fade mental","#Setembro Amarelo"],"articleSection":["Cart\u00f3rios","Dicas"],"inLanguage":"pt-BR"},{"@type":"Person","@id":"https:\/\/acsiv.com.br\/blog\/#\/schema\/person\/54fd566d0efeb6dc731df7e4e38ce156","name":"Eduardo Rodrigues","image":{"@type":"ImageObject","inLanguage":"pt-BR","@id":"https:\/\/acsiv.com.br\/blog\/#\/schema\/person\/image\/","url":"https:\/\/secure.gravatar.com\/avatar\/fee13940cf1da650036b52bc338d5881?s=96&d=mm&r=g","contentUrl":"https:\/\/secure.gravatar.com\/avatar\/fee13940cf1da650036b52bc338d5881?s=96&d=mm&r=g","caption":"Eduardo Rodrigues"}}]}},"_links":{"self":[{"href":"https:\/\/acsiv.com.br\/blog\/wp-json\/wp\/v2\/posts\/1563"}],"collection":[{"href":"https:\/\/acsiv.com.br\/blog\/wp-json\/wp\/v2\/posts"}],"about":[{"href":"https:\/\/acsiv.com.br\/blog\/wp-json\/wp\/v2\/types\/post"}],"author":[{"embeddable":true,"href":"https:\/\/acsiv.com.br\/blog\/wp-json\/wp\/v2\/users\/2"}],"replies":[{"embeddable":true,"href":"https:\/\/acsiv.com.br\/blog\/wp-json\/wp\/v2\/comments?post=1563"}],"version-history":[{"count":2,"href":"https:\/\/acsiv.com.br\/blog\/wp-json\/wp\/v2\/posts\/1563\/revisions"}],"predecessor-version":[{"id":1566,"href":"https:\/\/acsiv.com.br\/blog\/wp-json\/wp\/v2\/posts\/1563\/revisions\/1566"}],"wp:featuredmedia":[{"embeddable":true,"href":"https:\/\/acsiv.com.br\/blog\/wp-json\/wp\/v2\/media\/1564"}],"wp:attachment":[{"href":"https:\/\/acsiv.com.br\/blog\/wp-json\/wp\/v2\/media?parent=1563"}],"wp:term":[{"taxonomy":"category","embeddable":true,"href":"https:\/\/acsiv.com.br\/blog\/wp-json\/wp\/v2\/categories?post=1563"},{"taxonomy":"post_tag","embeddable":true,"href":"https:\/\/acsiv.com.br\/blog\/wp-json\/wp\/v2\/tags?post=1563"}],"curies":[{"name":"wp","href":"https:\/\/api.w.org\/{rel}","templated":true}]}}