{"id":1438,"date":"2026-03-10T17:47:40","date_gmt":"2026-03-10T20:47:40","guid":{"rendered":"https:\/\/acsiv.com.br\/blog\/?p=1438"},"modified":"2026-03-17T15:30:43","modified_gmt":"2026-03-17T18:30:43","slug":"mulher-e-priorizacao-da-carreira-por-que-o-equilibrio-perfeito-nao-existe","status":"publish","type":"post","link":"https:\/\/acsiv.com.br\/blog\/2026\/03\/10\/mulher-e-priorizacao-da-carreira-por-que-o-equilibrio-perfeito-nao-existe\/","title":{"rendered":"Mulher e prioriza\u00e7\u00e3o da carreira: por que o equil\u00edbrio perfeito n\u00e3o existe"},"content":{"rendered":"\n<p><\/p>\n\n\n\n<p>Muitas mulheres que priorizam a carreira vivem uma situa\u00e7\u00e3o curiosa: o trabalho avan\u00e7a, os resultados aparecem, novos desafios surgem, ainda assim, as perguntas que recebem raramente falam sobre projetos, decis\u00f5es estrat\u00e9gicas ou crescimento profissional. Elas costumam vir de outro lugar:<\/p>\n\n\n\n<p>\u201cN\u00e3o vai casar?\u201d<br>\u201cE filhos?\u201d<br>\u201cS\u00f3 trabalha, n\u00e3o vive?\u201d<br>\u201cSeu marido concorda com isso?\u201d<br>\u201cO tempo n\u00e3o est\u00e1 passando?\u201d<br>\u201cQuem vai cuidar de tudo?\u201d<\/p>\n\n\n\n<p>Essas perguntas n\u00e3o avaliam desempenho, elas apenas refor\u00e7am expectativas sociais de como deveria ser organizado a vida de uma mulher.<\/p>\n\n\n\n<p>Existe um roteiro social impl\u00edcito que espera que a mulher avance profissionalmente sem deslocar nada ao redor, como se fosse poss\u00edvel crescer sem redistribuir tempo, energia e prioridades. Priorizar a carreira, no entanto, significa exatamente isso: escolher, de forma consciente, onde investir tempo, energia e foco profissional em determinadas fases da vida, aceitando que outras \u00e1reas possam ficar temporariamente em segundo plano. N\u00e3o \u00e9 falha pessoal, \u00e9 estrat\u00e9gia.<\/p>\n\n\n\n<h2 class=\"wp-block-heading\">Por que esse julgamento acontece?<\/h2>\n\n\n\n<p>Estudos em psicologia social e sociologia do trabalho mostram que homens tendem a ser avaliados principalmente pelo desempenho profissional, enquanto mulheres s\u00e3o mais frequentemente avaliadas tamb\u00e9m pela forma como conciliam trabalho, fam\u00edlia e vida pessoal.<\/p>\n\n\n\n<p>Na pr\u00e1tica, isso significa que a trajet\u00f3ria profissional feminina costuma vir acompanhada de questionamentos pessoais que raramente recaem sobre homens na mesma posi\u00e7\u00e3o.<a href=\"https:\/\/acsiv.com.br\/blog\/2025\/03\/11\/a-forca-das-mulheres-nos-cartorios-uma-jornada-de-conquistas-e-transformacao\/\" target=\"_blank\" rel=\"noreferrer noopener\"> A carreira deixa de ser apenas carreira<\/a>, ela passa a ser interpretada como uma decis\u00e3o sobre vida, fam\u00edlia, maternidade e prioridades pessoais.<\/p>\n\n\n\n<p>Esse padr\u00e3o ajuda a explicar por que tantas mulheres sentem necessidade constante de justificar escolhas profissionais que, em outras circunst\u00e2ncias, seriam consideradas naturais.<\/p>\n\n\n\n<h2 class=\"wp-block-heading\">O mito do equil\u00edbrio perfeito<\/h2>\n\n\n\n<p>Outro elemento que intensifica essa press\u00e3o \u00e9 a ideia amplamente difundida de que seria poss\u00edvel \u201cdar conta de tudo ao mesmo tempo\u201d.<\/p>\n\n\n\n<p>No entanto, o que a literatura sobre carga mental e desempenho sustentado indica \u00e9 algo diferente: foco exige ren\u00fancias tempor\u00e1rias. Crescimento consistente raramente acontece sem que outras \u00e1reas fiquem, por algum tempo, em segundo plano.<\/p>\n\n\n\n<p>An\u00e1lises sobre uso do tempo tamb\u00e9m mostram que, mesmo em jornadas integrais de trabalho, mulheres continuam assumindo mais responsabilidades fora do ambiente profissional. Ainda assim, o discurso social frequentemente sugere que seria poss\u00edvel equilibrar carreira, fam\u00edlia, autocuidado, lazer e vida social sem grandes tens\u00f5es.<\/p>\n\n\n\n<p><a href=\"https:\/\/www.gov.br\/ibc\/pt-br\/assuntos\/noticias\/o-dia-internacional-da-mulher-e-a-luta-por-igualdade-reflexoes-e-compromissos\" target=\"_blank\" rel=\"noreferrer noopener\">Essa equa\u00e7\u00e3o simplesmente n\u00e3o fecha.<\/a><\/p>\n\n\n\n<p>Quando se tenta manter todas as \u00e1reas da vida funcionando no n\u00edvel m\u00e1ximo ao mesmo tempo, o resultado costuma ser previs\u00edvel: exaust\u00e3o cr\u00f4nica, culpa permanente, sensa\u00e7\u00e3o de insufici\u00eancia e dificuldade de tomar decis\u00f5es claras. Isso n\u00e3o \u00e9 falta de organiza\u00e7\u00e3o \u00e9 limite humano.<\/p>\n\n\n\n<h2 class=\"wp-block-heading\">Quando a autocobran\u00e7a entra em cena<\/h2>\n\n\n\n<p>A literatura em psicologia organizacional tamb\u00e9m descreve um padr\u00e3o recorrente nas trajet\u00f3rias profissionais femininas. Mulheres tendem a revisar decis\u00f5es com mais frequ\u00eancia, relativizar conquistas e assumir culpa por escolhas leg\u00edtimas. Em muitos casos, quanto mais a carreira avan\u00e7a, maior se torna a tentativa de compensar poss\u00edveis impactos em outras \u00e1reas da vida.<\/p>\n\n\n\n<p>O problema \u00e9 que ningu\u00e9m sustenta compensa\u00e7\u00e3o cont\u00ednua. Autocobran\u00e7a excessiva n\u00e3o melhora desempenho, n\u00e3o cria equil\u00edbrio e n\u00e3o gera bem-estar, apenas torna o caminho mais pesado.<\/p>\n\n\n\n<h2 class=\"wp-block-heading\">A armadilha da autonomia absoluta<\/h2>\n\n\n\n<p>H\u00e1 ainda um ponto pouco discutido nessa conversa: a ideia de que a mulher deveria dar conta de tudo sozinha. Carreiras s\u00f3lidas, fam\u00edlias funcionais e vidas sustent\u00e1veis raramente s\u00e3o constru\u00eddas sem apoio. Elas dependem de divis\u00e3o de responsabilidades, rede de suporte e ajuda pr\u00e1tica.<\/p>\n\n\n\n<p>Pedir ajuda n\u00e3o \u00e9 sinal de fraqueza, \u00e9 reconhecimento de limite. <a href=\"https:\/\/www.tst.jus.br\/-\/o-trabalho-invisivel-da-mulher-o-que-voce-nao-ve-ocupa-o-tempo-dela\" target=\"_blank\" rel=\"noreferrer noopener\">A combina\u00e7\u00e3o entre expectativa de autonomia absoluta<\/a> e exig\u00eancia de perfei\u00e7\u00e3o em todas as \u00e1reas da vida cria uma das press\u00f5es mais silenciosas da vida moderna.<\/p>\n\n\n\n<h2 class=\"wp-block-heading\">Uma nova forma de olhar para o equil\u00edbrio<\/h2>\n\n\n\n<p>Talvez uma das mudan\u00e7as mais libertadoras seja aceitar que o equil\u00edbrio perfeito n\u00e3o existe. A vida n\u00e3o \u00e9 est\u00e1tica, ela acontece em fases.<\/p>\n\n\n\n<p>Existem per\u00edodos de foco intenso na carreira, momentos de maior dedica\u00e7\u00e3o \u00e0 vida pessoal e fases de reorganiza\u00e7\u00e3o entre diferentes prioridades. Quando essa din\u00e2mica \u00e9 reconhecida, a culpa diminui e as decis\u00f5es se tornam mais claras.<\/p>\n\n\n\n<p>Priorizar a carreira em determinado momento n\u00e3o invalida outras escolhas no futuro, nem define uma trajet\u00f3ria inteira.<\/p>\n\n\n\n<p>Em vez de buscar um equil\u00edbrio permanente, muitas vezes \u00e9 mais \u00fatil pensar em prioridades conscientes ao longo do tempo. Isso significa reconhecer onde tempo e energia precisam estar agora, sem exigir que todas as \u00e1reas da vida avancem na mesma velocidade.<\/p>\n\n\n\n<p>Tamb\u00e9m ajuda lembrar que toda escolha tem custo, aceitar esse custo torna as decis\u00f5es mais honestas e evita a culpa que surge quando se tenta sustentar a ideia de que seria poss\u00edvel n\u00e3o renunciar a nada.<\/p>\n\n\n\n<h2 class=\"wp-block-heading\">Parar de brigar com a realidade<\/h2>\n\n\n\n<p>No fim, o problema n\u00e3o est\u00e1 na mulher que prioriza a carreira, ajusta rotas ou faz escolhas conscientes. O problema est\u00e1 em um modelo cultural que promete uma vida sem conflitos entre prioridades e, ao mesmo tempo, responsabiliza as mulheres quando descobrem que escolhas inevitavelmente envolvem ren\u00fancias.<\/p>\n\n\n\n<p>Reconhecer que o equil\u00edbrio perfeito n\u00e3o existe n\u00e3o significa desistir de nada, significa apenas parar de brigar com a realidade. E quando essa briga termina, surge espa\u00e7o para decis\u00f5es mais honestas, ajuda compartilhada e uma vida constru\u00edda com menos culpa e mais sentido.<\/p>\n\n\n\n<p class=\"has-text-align-right\">Escrito por: Isabella Flores<\/p>\n","protected":false},"excerpt":{"rendered":"<p>Priorizar a carreira ainda exp\u00f5e mulheres a julgamentos sobre vida pessoal e fam\u00edlia: a press\u00e3o social, o mito do equil\u00edbrio perfeito e como escolhas profissionais envolvem prioridades, limites e fases da vida, n\u00e3o falhas pessoais. Leia o artigo completo!<\/p>\n","protected":false},"author":2,"featured_media":1439,"comment_status":"closed","ping_status":"open","sticky":false,"template":"","format":"standard","meta":[],"categories":[15,9],"tags":[1148,1145,1149,1147,1150,1146],"yoast_head":"<!-- This site is optimized with the Yoast SEO plugin v19.4 - https:\/\/yoast.com\/wordpress\/plugins\/seo\/ -->\r\n<title>Carreira feminina: por que mulheres s\u00e3o mais cobradas?<\/title>\r\n<meta name=\"description\" content=\"Por que mulheres bem-sucedidas ainda precisam justificar a carreira? O mito do equil\u00edbrio perfeito, press\u00e3o social e escolhas profissionais.\" \/>\r\n<meta name=\"robots\" content=\"index, follow, max-snippet:-1, max-image-preview:large, max-video-preview:-1\" \/>\r\n<link rel=\"canonical\" href=\"https:\/\/acsiv.com.br\/blog\/2026\/03\/10\/mulher-e-priorizacao-da-carreira-por-que-o-equilibrio-perfeito-nao-existe\/\" \/>\r\n<meta property=\"og:locale\" content=\"pt_BR\" \/>\r\n<meta property=\"og:type\" content=\"article\" \/>\r\n<meta property=\"og:title\" content=\"Carreira feminina: por que mulheres s\u00e3o mais cobradas?\" \/>\r\n<meta property=\"og:description\" content=\"Por que mulheres bem-sucedidas ainda precisam justificar a carreira? O mito do equil\u00edbrio perfeito, press\u00e3o social e escolhas profissionais.\" \/>\r\n<meta property=\"og:url\" content=\"https:\/\/acsiv.com.br\/blog\/2026\/03\/10\/mulher-e-priorizacao-da-carreira-por-que-o-equilibrio-perfeito-nao-existe\/\" \/>\r\n<meta property=\"og:site_name\" content=\"Blog da Acsiv\" \/>\r\n<meta property=\"article:publisher\" content=\"https:\/\/www.facebook.com\/acsiv\" \/>\r\n<meta property=\"article:published_time\" content=\"2026-03-10T20:47:40+00:00\" \/>\r\n<meta property=\"article:modified_time\" content=\"2026-03-17T18:30:43+00:00\" \/>\r\n<meta property=\"og:image\" content=\"https:\/\/acsiv.com.br\/blog\/wp-content\/uploads\/2026\/03\/blog-2.jpg\" \/>\r\n\t<meta property=\"og:image:width\" content=\"1408\" \/>\r\n\t<meta property=\"og:image:height\" content=\"768\" \/>\r\n\t<meta property=\"og:image:type\" content=\"image\/jpeg\" \/>\r\n<meta name=\"author\" content=\"Eduardo Rodrigues\" \/>\r\n<meta name=\"twitter:card\" content=\"summary_large_image\" \/>\r\n<meta name=\"twitter:creator\" content=\"@acsiv\" \/>\r\n<meta name=\"twitter:site\" content=\"@acsiv\" \/>\r\n<meta name=\"twitter:label1\" content=\"Escrito por\" \/>\n\t<meta name=\"twitter:data1\" content=\"Eduardo Rodrigues\" \/>\n\t<meta name=\"twitter:label2\" content=\"Est. tempo de leitura\" \/>\n\t<meta name=\"twitter:data2\" content=\"5 minutos\" \/>\r\n<script type=\"application\/ld+json\" class=\"yoast-schema-graph\">{\"@context\":\"https:\/\/schema.org\",\"@graph\":[{\"@type\":\"Organization\",\"@id\":\"https:\/\/acsiv.com.br\/blog\/#organization\",\"name\":\"Acsiv Sistema\",\"url\":\"https:\/\/acsiv.com.br\/blog\/\",\"sameAs\":[\"https:\/\/instagram.com\/acsivsistemas\",\"https:\/\/pt.linkedin.com\/company\/acsiv\",\"https:\/\/www.facebook.com\/acsiv\",\"https:\/\/twitter.com\/acsiv\"],\"logo\":{\"@type\":\"ImageObject\",\"inLanguage\":\"pt-BR\",\"@id\":\"https:\/\/acsiv.com.br\/blog\/#\/schema\/logo\/image\/\",\"url\":\"https:\/\/acsiv.com.br\/blog\/wp-content\/uploads\/2020\/10\/Acsiv_logotipo.png\",\"contentUrl\":\"https:\/\/acsiv.com.br\/blog\/wp-content\/uploads\/2020\/10\/Acsiv_logotipo.png\",\"width\":1564,\"height\":668,\"caption\":\"Acsiv Sistema\"},\"image\":{\"@id\":\"https:\/\/acsiv.com.br\/blog\/#\/schema\/logo\/image\/\"}},{\"@type\":\"WebSite\",\"@id\":\"https:\/\/acsiv.com.br\/blog\/#website\",\"url\":\"https:\/\/acsiv.com.br\/blog\/\",\"name\":\"Blog da Acsiv\",\"description\":\"Conte\u00fado digital para cart\u00f3rios\",\"publisher\":{\"@id\":\"https:\/\/acsiv.com.br\/blog\/#organization\"},\"potentialAction\":[{\"@type\":\"SearchAction\",\"target\":{\"@type\":\"EntryPoint\",\"urlTemplate\":\"https:\/\/acsiv.com.br\/blog\/?s={search_term_string}\"},\"query-input\":\"required name=search_term_string\"}],\"inLanguage\":\"pt-BR\"},{\"@type\":\"WebPage\",\"@id\":\"https:\/\/acsiv.com.br\/blog\/2026\/03\/10\/mulher-e-priorizacao-da-carreira-por-que-o-equilibrio-perfeito-nao-existe\/\",\"url\":\"https:\/\/acsiv.com.br\/blog\/2026\/03\/10\/mulher-e-priorizacao-da-carreira-por-que-o-equilibrio-perfeito-nao-existe\/\",\"name\":\"Carreira feminina: por que mulheres s\u00e3o mais cobradas?\",\"isPartOf\":{\"@id\":\"https:\/\/acsiv.com.br\/blog\/#website\"},\"datePublished\":\"2026-03-10T20:47:40+00:00\",\"dateModified\":\"2026-03-17T18:30:43+00:00\",\"description\":\"Por que mulheres bem-sucedidas ainda precisam justificar a carreira? O mito do equil\u00edbrio perfeito, press\u00e3o social e escolhas profissionais.\",\"breadcrumb\":{\"@id\":\"https:\/\/acsiv.com.br\/blog\/2026\/03\/10\/mulher-e-priorizacao-da-carreira-por-que-o-equilibrio-perfeito-nao-existe\/#breadcrumb\"},\"inLanguage\":\"pt-BR\",\"potentialAction\":[{\"@type\":\"ReadAction\",\"target\":[\"https:\/\/acsiv.com.br\/blog\/2026\/03\/10\/mulher-e-priorizacao-da-carreira-por-que-o-equilibrio-perfeito-nao-existe\/\"]}]},{\"@type\":\"BreadcrumbList\",\"@id\":\"https:\/\/acsiv.com.br\/blog\/2026\/03\/10\/mulher-e-priorizacao-da-carreira-por-que-o-equilibrio-perfeito-nao-existe\/#breadcrumb\",\"itemListElement\":[{\"@type\":\"ListItem\",\"position\":1,\"name\":\"In\u00edcio\",\"item\":\"https:\/\/acsiv.com.br\/blog\/\"},{\"@type\":\"ListItem\",\"position\":2,\"name\":\"Mulher e prioriza\u00e7\u00e3o da carreira: por que o equil\u00edbrio perfeito n\u00e3o existe\"}]},{\"@type\":\"Article\",\"@id\":\"https:\/\/acsiv.com.br\/blog\/2026\/03\/10\/mulher-e-priorizacao-da-carreira-por-que-o-equilibrio-perfeito-nao-existe\/#article\",\"isPartOf\":{\"@id\":\"https:\/\/acsiv.com.br\/blog\/2026\/03\/10\/mulher-e-priorizacao-da-carreira-por-que-o-equilibrio-perfeito-nao-existe\/\"},\"author\":{\"name\":\"Eduardo Rodrigues\",\"@id\":\"https:\/\/acsiv.com.br\/blog\/#\/schema\/person\/54fd566d0efeb6dc731df7e4e38ce156\"},\"headline\":\"Mulher e prioriza\u00e7\u00e3o da carreira: por que o equil\u00edbrio perfeito n\u00e3o existe\",\"datePublished\":\"2026-03-10T20:47:40+00:00\",\"dateModified\":\"2026-03-17T18:30:43+00:00\",\"mainEntityOfPage\":{\"@id\":\"https:\/\/acsiv.com.br\/blog\/2026\/03\/10\/mulher-e-priorizacao-da-carreira-por-que-o-equilibrio-perfeito-nao-existe\/\"},\"wordCount\":978,\"publisher\":{\"@id\":\"https:\/\/acsiv.com.br\/blog\/#organization\"},\"keywords\":[\"#AutonomiaFeminina\",\"#CarreiraFeminina\",\"#DiaInternacionaldaMulher\",\"#IgualdadeDeGenero\",\"#MulheresLideres\",\"#MulheresNoMercadoDeTrabalho\"],\"articleSection\":[\"Cart\u00f3rios\",\"Not\u00edcias\"],\"inLanguage\":\"pt-BR\"},{\"@type\":\"Person\",\"@id\":\"https:\/\/acsiv.com.br\/blog\/#\/schema\/person\/54fd566d0efeb6dc731df7e4e38ce156\",\"name\":\"Eduardo Rodrigues\",\"image\":{\"@type\":\"ImageObject\",\"inLanguage\":\"pt-BR\",\"@id\":\"https:\/\/acsiv.com.br\/blog\/#\/schema\/person\/image\/\",\"url\":\"https:\/\/secure.gravatar.com\/avatar\/fee13940cf1da650036b52bc338d5881?s=96&d=mm&r=g\",\"contentUrl\":\"https:\/\/secure.gravatar.com\/avatar\/fee13940cf1da650036b52bc338d5881?s=96&d=mm&r=g\",\"caption\":\"Eduardo Rodrigues\"}}]}<\/script>\r\n<!-- \/ Yoast SEO plugin. -->","yoast_head_json":{"title":"Carreira feminina: por que mulheres s\u00e3o mais cobradas?","description":"Por que mulheres bem-sucedidas ainda precisam justificar a carreira? O mito do equil\u00edbrio perfeito, press\u00e3o social e escolhas profissionais.","robots":{"index":"index","follow":"follow","max-snippet":"max-snippet:-1","max-image-preview":"max-image-preview:large","max-video-preview":"max-video-preview:-1"},"canonical":"https:\/\/acsiv.com.br\/blog\/2026\/03\/10\/mulher-e-priorizacao-da-carreira-por-que-o-equilibrio-perfeito-nao-existe\/","og_locale":"pt_BR","og_type":"article","og_title":"Carreira feminina: por que mulheres s\u00e3o mais cobradas?","og_description":"Por que mulheres bem-sucedidas ainda precisam justificar a carreira? O mito do equil\u00edbrio perfeito, press\u00e3o social e escolhas profissionais.","og_url":"https:\/\/acsiv.com.br\/blog\/2026\/03\/10\/mulher-e-priorizacao-da-carreira-por-que-o-equilibrio-perfeito-nao-existe\/","og_site_name":"Blog da Acsiv","article_publisher":"https:\/\/www.facebook.com\/acsiv","article_published_time":"2026-03-10T20:47:40+00:00","article_modified_time":"2026-03-17T18:30:43+00:00","og_image":[{"width":1408,"height":768,"url":"https:\/\/acsiv.com.br\/blog\/wp-content\/uploads\/2026\/03\/blog-2.jpg","type":"image\/jpeg"}],"author":"Eduardo Rodrigues","twitter_card":"summary_large_image","twitter_creator":"@acsiv","twitter_site":"@acsiv","twitter_misc":{"Escrito por":"Eduardo Rodrigues","Est. tempo de leitura":"5 minutos"},"schema":{"@context":"https:\/\/schema.org","@graph":[{"@type":"Organization","@id":"https:\/\/acsiv.com.br\/blog\/#organization","name":"Acsiv Sistema","url":"https:\/\/acsiv.com.br\/blog\/","sameAs":["https:\/\/instagram.com\/acsivsistemas","https:\/\/pt.linkedin.com\/company\/acsiv","https:\/\/www.facebook.com\/acsiv","https:\/\/twitter.com\/acsiv"],"logo":{"@type":"ImageObject","inLanguage":"pt-BR","@id":"https:\/\/acsiv.com.br\/blog\/#\/schema\/logo\/image\/","url":"https:\/\/acsiv.com.br\/blog\/wp-content\/uploads\/2020\/10\/Acsiv_logotipo.png","contentUrl":"https:\/\/acsiv.com.br\/blog\/wp-content\/uploads\/2020\/10\/Acsiv_logotipo.png","width":1564,"height":668,"caption":"Acsiv Sistema"},"image":{"@id":"https:\/\/acsiv.com.br\/blog\/#\/schema\/logo\/image\/"}},{"@type":"WebSite","@id":"https:\/\/acsiv.com.br\/blog\/#website","url":"https:\/\/acsiv.com.br\/blog\/","name":"Blog da Acsiv","description":"Conte\u00fado digital para cart\u00f3rios","publisher":{"@id":"https:\/\/acsiv.com.br\/blog\/#organization"},"potentialAction":[{"@type":"SearchAction","target":{"@type":"EntryPoint","urlTemplate":"https:\/\/acsiv.com.br\/blog\/?s={search_term_string}"},"query-input":"required name=search_term_string"}],"inLanguage":"pt-BR"},{"@type":"WebPage","@id":"https:\/\/acsiv.com.br\/blog\/2026\/03\/10\/mulher-e-priorizacao-da-carreira-por-que-o-equilibrio-perfeito-nao-existe\/","url":"https:\/\/acsiv.com.br\/blog\/2026\/03\/10\/mulher-e-priorizacao-da-carreira-por-que-o-equilibrio-perfeito-nao-existe\/","name":"Carreira feminina: por que mulheres s\u00e3o mais cobradas?","isPartOf":{"@id":"https:\/\/acsiv.com.br\/blog\/#website"},"datePublished":"2026-03-10T20:47:40+00:00","dateModified":"2026-03-17T18:30:43+00:00","description":"Por que mulheres bem-sucedidas ainda precisam justificar a carreira? O mito do equil\u00edbrio perfeito, press\u00e3o social e escolhas profissionais.","breadcrumb":{"@id":"https:\/\/acsiv.com.br\/blog\/2026\/03\/10\/mulher-e-priorizacao-da-carreira-por-que-o-equilibrio-perfeito-nao-existe\/#breadcrumb"},"inLanguage":"pt-BR","potentialAction":[{"@type":"ReadAction","target":["https:\/\/acsiv.com.br\/blog\/2026\/03\/10\/mulher-e-priorizacao-da-carreira-por-que-o-equilibrio-perfeito-nao-existe\/"]}]},{"@type":"BreadcrumbList","@id":"https:\/\/acsiv.com.br\/blog\/2026\/03\/10\/mulher-e-priorizacao-da-carreira-por-que-o-equilibrio-perfeito-nao-existe\/#breadcrumb","itemListElement":[{"@type":"ListItem","position":1,"name":"In\u00edcio","item":"https:\/\/acsiv.com.br\/blog\/"},{"@type":"ListItem","position":2,"name":"Mulher e prioriza\u00e7\u00e3o da carreira: por que o equil\u00edbrio perfeito n\u00e3o existe"}]},{"@type":"Article","@id":"https:\/\/acsiv.com.br\/blog\/2026\/03\/10\/mulher-e-priorizacao-da-carreira-por-que-o-equilibrio-perfeito-nao-existe\/#article","isPartOf":{"@id":"https:\/\/acsiv.com.br\/blog\/2026\/03\/10\/mulher-e-priorizacao-da-carreira-por-que-o-equilibrio-perfeito-nao-existe\/"},"author":{"name":"Eduardo Rodrigues","@id":"https:\/\/acsiv.com.br\/blog\/#\/schema\/person\/54fd566d0efeb6dc731df7e4e38ce156"},"headline":"Mulher e prioriza\u00e7\u00e3o da carreira: por que o equil\u00edbrio perfeito n\u00e3o existe","datePublished":"2026-03-10T20:47:40+00:00","dateModified":"2026-03-17T18:30:43+00:00","mainEntityOfPage":{"@id":"https:\/\/acsiv.com.br\/blog\/2026\/03\/10\/mulher-e-priorizacao-da-carreira-por-que-o-equilibrio-perfeito-nao-existe\/"},"wordCount":978,"publisher":{"@id":"https:\/\/acsiv.com.br\/blog\/#organization"},"keywords":["#AutonomiaFeminina","#CarreiraFeminina","#DiaInternacionaldaMulher","#IgualdadeDeGenero","#MulheresLideres","#MulheresNoMercadoDeTrabalho"],"articleSection":["Cart\u00f3rios","Not\u00edcias"],"inLanguage":"pt-BR"},{"@type":"Person","@id":"https:\/\/acsiv.com.br\/blog\/#\/schema\/person\/54fd566d0efeb6dc731df7e4e38ce156","name":"Eduardo Rodrigues","image":{"@type":"ImageObject","inLanguage":"pt-BR","@id":"https:\/\/acsiv.com.br\/blog\/#\/schema\/person\/image\/","url":"https:\/\/secure.gravatar.com\/avatar\/fee13940cf1da650036b52bc338d5881?s=96&d=mm&r=g","contentUrl":"https:\/\/secure.gravatar.com\/avatar\/fee13940cf1da650036b52bc338d5881?s=96&d=mm&r=g","caption":"Eduardo Rodrigues"}}]}},"_links":{"self":[{"href":"https:\/\/acsiv.com.br\/blog\/wp-json\/wp\/v2\/posts\/1438"}],"collection":[{"href":"https:\/\/acsiv.com.br\/blog\/wp-json\/wp\/v2\/posts"}],"about":[{"href":"https:\/\/acsiv.com.br\/blog\/wp-json\/wp\/v2\/types\/post"}],"author":[{"embeddable":true,"href":"https:\/\/acsiv.com.br\/blog\/wp-json\/wp\/v2\/users\/2"}],"replies":[{"embeddable":true,"href":"https:\/\/acsiv.com.br\/blog\/wp-json\/wp\/v2\/comments?post=1438"}],"version-history":[{"count":3,"href":"https:\/\/acsiv.com.br\/blog\/wp-json\/wp\/v2\/posts\/1438\/revisions"}],"predecessor-version":[{"id":1446,"href":"https:\/\/acsiv.com.br\/blog\/wp-json\/wp\/v2\/posts\/1438\/revisions\/1446"}],"wp:featuredmedia":[{"embeddable":true,"href":"https:\/\/acsiv.com.br\/blog\/wp-json\/wp\/v2\/media\/1439"}],"wp:attachment":[{"href":"https:\/\/acsiv.com.br\/blog\/wp-json\/wp\/v2\/media?parent=1438"}],"wp:term":[{"taxonomy":"category","embeddable":true,"href":"https:\/\/acsiv.com.br\/blog\/wp-json\/wp\/v2\/categories?post=1438"},{"taxonomy":"post_tag","embeddable":true,"href":"https:\/\/acsiv.com.br\/blog\/wp-json\/wp\/v2\/tags?post=1438"}],"curies":[{"name":"wp","href":"https:\/\/api.w.org\/{rel}","templated":true}]}}