{"id":1405,"date":"2026-01-20T16:54:05","date_gmt":"2026-01-20T18:54:05","guid":{"rendered":"https:\/\/acsiv.com.br\/blog\/?p=1405"},"modified":"2026-01-20T16:58:05","modified_gmt":"2026-01-20T18:58:05","slug":"burnout-nos-cartorios-prevencao-sinais-e-acoes-com-base-no-janeiro-branco","status":"publish","type":"post","link":"https:\/\/acsiv.com.br\/blog\/2026\/01\/20\/burnout-nos-cartorios-prevencao-sinais-e-acoes-com-base-no-janeiro-branco\/","title":{"rendered":"Burnout nos Cart\u00f3rios: Preven\u00e7\u00e3o, Sinais e A\u00e7\u00f5es com Base no Janeiro Branco"},"content":{"rendered":"\n<p><strong>Introdu\u00e7\u00e3o<\/strong><\/p>\n\n\n\n<p><a href=\"https:\/\/acsiv.com.br\/blog\/2025\/01\/21\/janeiro-branco-e-alem-como-promover-a-saude-mental-nos-cartorios-o-ano-todo\/\" target=\"_blank\" rel=\"noreferrer noopener\">Janeiro Branco<\/a> \u00e9 uma campanha dedicada \u00e0 conscientiza\u00e7\u00e3o sobre a sa\u00fade mental e convida pessoas e organiza\u00e7\u00f5es a refletirem sobre o cuidado emocional ao longo de todo o ano. Nos cart\u00f3rios, esse debate \u00e9 especialmente necess\u00e1rio, j\u00e1 que a rotina profissional envolve alto grau de responsabilidade, press\u00e3o por prazos, contato constante com o p\u00fablico e exig\u00eancia de precis\u00e3o jur\u00eddica.<\/p>\n\n\n\n<p>Nesse cen\u00e1rio, o burnout, tamb\u00e9m conhecido como s\u00edndrome do esgotamento profissional, surge como um risco real para titulares e colaboradores. Mais do que um simples cansa\u00e7o, trata-se de uma condi\u00e7\u00e3o que afeta o equil\u00edbrio emocional, a produtividade e a qualidade do servi\u00e7o prestado. Por isso, compreender o tema e adotar a\u00e7\u00f5es preventivas \u00e9 fundamental.<\/p>\n\n\n\n<p><strong>O que \u00e9 burnout e por que profissionais de cart\u00f3rio est\u00e3o sujeitos<\/strong><\/p>\n\n\n\n<p>O <a href=\"https:\/\/www.gov.br\/saude\/pt-br\/assuntos\/saude-de-a-a-z\/s\/sindrome-de-burnout\" target=\"_blank\" rel=\"noreferrer noopener\">burnout <\/a>\u00e9 um termo utilizado para explicar o que acontece quando uma pessoa passa tanto tempo sob press\u00e3o que seu corpo e sua mente come\u00e7am a dar sinais de esgotamento. N\u00e3o se trata de um cansa\u00e7o passageiro, mas de uma sensa\u00e7\u00e3o cont\u00ednua de falta de energia, motiva\u00e7\u00e3o e disposi\u00e7\u00e3o. Esse quadro tende a surgir em ambientes que exigem aten\u00e7\u00e3o constante, decis\u00f5es importantes e alto n\u00edvel de responsabilidade, como a rotina dos cart\u00f3rios, marcada por prazos legais que n\u00e3o admitem falhas, atendimento intenso ao p\u00fablico, grande volume de atividades burocr\u00e1ticas e cobran\u00e7a permanente por produtividade e conformidade com a legisla\u00e7\u00e3o. Quando essas demandas se acumulam sem uma gest\u00e3o adequada do tempo, pausas regulares e apoio emocional, o risco de esgotamento aumenta de forma significativa.<\/p>\n\n\n\n<p><strong>Sintomas de burnout que merecem aten\u00e7\u00e3o<\/strong><\/p>\n\n\n\n<p>Os sinais de burnout nem sempre s\u00e3o percebidos de imediato, o que torna o problema ainda mais preocupante. Um dos sintomas mais comuns \u00e9 a exaust\u00e3o f\u00edsica e mental, caracterizada pela sensa\u00e7\u00e3o constante de cansa\u00e7o, mesmo ap\u00f3s per\u00edodos de descanso. Tamb\u00e9m pode surgir um distanciamento emocional em rela\u00e7\u00e3o ao trabalho, acompanhado de irritabilidade, impaci\u00eancia e perda de empatia no atendimento.<\/p>\n\n\n\n<p>Outro sinal importante \u00e9 a diminui\u00e7\u00e3o da sensa\u00e7\u00e3o de realiza\u00e7\u00e3o profissional. O colaborador passa a se sentir desmotivado, inseguro quanto \u00e0 pr\u00f3pria capacidade e insatisfeito com resultados que antes eram motivo de orgulho. No ambiente cartorial, esses sintomas podem resultar em aumento de erros, conflitos internos, afastamentos frequentes e queda na qualidade do atendimento ao cidad\u00e3o.<\/p>\n\n\n\n<p><strong>A\u00e7\u00f5es preventivas para reduzir o risco de burnout no cart\u00f3rio<\/strong><\/p>\n\n\n\n<p>A preven\u00e7\u00e3o do burnout passa, principalmente, por ajustes simples e pr\u00e1ticos no dia a dia do cart\u00f3rio. Algumas a\u00e7\u00f5es fazem diferen\u00e7a direta na sa\u00fade emocional da equipe:<\/p>\n\n\n\n<ul>\n<li>Melhor organiza\u00e7\u00e3o das tarefas, com processos claros e distribui\u00e7\u00e3o equilibrada das responsabilidades, evitando sobrecarga e sensa\u00e7\u00e3o constante de press\u00e3o.<\/li>\n\n\n\n<li>Gest\u00e3o adequada do <a href=\"https:\/\/acsiv.com.br\/blog\/2023\/06\/13\/gestao-do-tempo-como-ser-mais-produtivo-e-reduzir-o-estresse\/\" target=\"_blank\" rel=\"noreferrer noopener\">tempo<\/a>, com respeito aos hor\u00e1rios, incentivo a pequenas pausas durante o expediente e defini\u00e7\u00e3o clara de prioridades, o que torna a rotina mais sustent\u00e1vel.<\/li>\n\n\n\n<li>Estabelecimento de metas realistas, alinhadas \u00e0 capacidade da equipe, ajudando a manter a motiva\u00e7\u00e3o sem gerar frustra\u00e7\u00e3o.<\/li>\n\n\n\n<li>Comunica\u00e7\u00e3o aberta entre gestores e colaboradores, criando um ambiente onde as pessoas se sintam ouvidas, facilitando ajustes de processos e prevenindo o desgaste emocional.<\/li>\n<\/ul>\n\n\n\n<p><strong>A import\u00e2ncia do apoio psicol\u00f3gico e dos programas de bem-estar<\/strong><\/p>\n\n\n\n<p>Buscar apoio psicol\u00f3gico deve ser encarado como uma medida de cuidado e preven\u00e7\u00e3o, e n\u00e3o como sinal de fragilidade. O acompanhamento profissional auxilia no desenvolvimento de habilidades emocionais, na gest\u00e3o do estresse e na constru\u00e7\u00e3o de estrat\u00e9gias para lidar com a press\u00e3o do dia a dia.<\/p>\n\n\n\n<p>Nesse contexto, iniciativas internas de cuidado com a sa\u00fade mental fazem diferen\u00e7a. Aqui na ACSIV, contamos com o apoio da nossa<a href=\"http:\/\/www.almacorporativa.com.br\" target=\"_blank\" rel=\"noreferrer noopener\"> psic\u00f3loga<\/a>, que est\u00e1 dispon\u00edvel para orientar, acolher e auxiliar sempre que necess\u00e1rio. Essa iniciativa refor\u00e7a nosso compromisso em tratar a sa\u00fade mental com seriedade, responsabilidade e cuidado com as pessoas.<\/p>\n\n\n\n<p>Programas de bem-estar no ambiente de trabalho tamb\u00e9m contribuem de forma significativa para a sa\u00fade mental das equipes. A\u00e7\u00f5es educativas, palestras, incentivo ao autocuidado e iniciativas voltadas ao equil\u00edbrio emocional demonstram que o cart\u00f3rio valoriza as pessoas e compreende que resultados sustent\u00e1veis dependem de profissionais saud\u00e1veis.<\/p>\n\n\n\n<p>O <a href=\"https:\/\/janeirobranco.org.br\/\" target=\"_blank\" rel=\"noreferrer noopener\">Janeiro Branco<\/a> refor\u00e7a a import\u00e2ncia de olhar para a sa\u00fade mental como um compromisso permanente, que deve ser mantido ao longo de todo o ano.<\/p>\n\n\n\n<p><strong>Conclus\u00e3o<\/strong><\/p>\n\n\n\n<p>O burnout \u00e9 uma realidade que pode impactar profundamente a vida profissional e pessoal de quem atua em cart\u00f3rios. No entanto, com informa\u00e7\u00e3o, organiza\u00e7\u00e3o e aten\u00e7\u00e3o \u00e0 sa\u00fade emocional, \u00e9 poss\u00edvel prevenir o esgotamento e construir ambientes de trabalho mais equilibrados e humanos.<\/p>\n\n\n\n<p>A campanha Janeiro Branco \u00e9 um convite para que gestores e equipes repensem pr\u00e1ticas, fortale\u00e7am o di\u00e1logo e coloquem a sa\u00fade mental no centro das decis\u00f5es. <a href=\"https:\/\/acsiv.com.br\/blog\/2024\/01\/09\/cultivando-um-ambiente-de-trabalho-positivo-a-importancia-da-saude-mental-nos-cartorios\/\" target=\"_blank\" rel=\"noreferrer noopener\">Cuidar das pessoas <\/a>\u00e9 tamb\u00e9m uma forma de garantir qualidade, seguran\u00e7a jur\u00eddica e excel\u00eancia no atendimento.<\/p>\n\n\n\n<p class=\"has-text-align-right\">Escrito por: Isabella Flores<\/p>\n","protected":false},"excerpt":{"rendered":"<p>O Janeiro Branco convida \u00e0 reflex\u00e3o sobre a sa\u00fade mental nos cart\u00f3rios. O texto aborda o burnout, seus sintomas, impactos na rotina profissional e a import\u00e2ncia de a\u00e7\u00f5es preventivas, organiza\u00e7\u00e3o do trabalho e apoio psicol\u00f3gico para promover bem-estar, equil\u00edbrio e qualidade no atendimento. Saiba mais!<\/p>\n","protected":false},"author":2,"featured_media":1409,"comment_status":"closed","ping_status":"open","sticky":false,"template":"","format":"standard","meta":[],"categories":[15,23],"tags":[634,1106,1109,1111,859,366,1108,1112,696,1110,1107,1105,817],"yoast_head":"<!-- This site is optimized with the Yoast SEO plugin v19.4 - https:\/\/yoast.com\/wordpress\/plugins\/seo\/ -->\r\n<title>Burnout nos Cart\u00f3rios: Sinais e A\u00e7\u00f5es com Base no Janeiro Branco<\/title>\r\n<meta name=\"description\" content=\"Alerta para a sa\u00fade mental nos cart\u00f3rios: Saiba sobre os riscos do burnout e a\u00e7\u00f5es preventivas para bem-estar e qualidade do atendimento.\" \/>\r\n<meta name=\"robots\" content=\"index, follow, max-snippet:-1, max-image-preview:large, max-video-preview:-1\" \/>\r\n<link rel=\"canonical\" href=\"https:\/\/acsiv.com.br\/blog\/2026\/01\/20\/burnout-nos-cartorios-prevencao-sinais-e-acoes-com-base-no-janeiro-branco\/\" \/>\r\n<meta property=\"og:locale\" content=\"pt_BR\" \/>\r\n<meta property=\"og:type\" content=\"article\" \/>\r\n<meta property=\"og:title\" content=\"Burnout nos Cart\u00f3rios: Sinais e A\u00e7\u00f5es com Base no Janeiro Branco\" \/>\r\n<meta property=\"og:description\" content=\"Alerta para a sa\u00fade mental nos cart\u00f3rios: Saiba sobre os riscos do burnout e a\u00e7\u00f5es preventivas para bem-estar e qualidade do atendimento.\" \/>\r\n<meta property=\"og:url\" content=\"https:\/\/acsiv.com.br\/blog\/2026\/01\/20\/burnout-nos-cartorios-prevencao-sinais-e-acoes-com-base-no-janeiro-branco\/\" \/>\r\n<meta property=\"og:site_name\" content=\"Blog da Acsiv\" \/>\r\n<meta property=\"article:publisher\" content=\"https:\/\/www.facebook.com\/acsiv\" \/>\r\n<meta property=\"article:published_time\" content=\"2026-01-20T18:54:05+00:00\" \/>\r\n<meta property=\"article:modified_time\" content=\"2026-01-20T18:58:05+00:00\" \/>\r\n<meta property=\"og:image\" content=\"https:\/\/acsiv.com.br\/blog\/wp-content\/uploads\/2026\/01\/blog.png\" \/>\r\n\t<meta property=\"og:image:width\" content=\"1536\" \/>\r\n\t<meta property=\"og:image:height\" content=\"820\" \/>\r\n\t<meta property=\"og:image:type\" content=\"image\/png\" \/>\r\n<meta name=\"author\" content=\"Eduardo Rodrigues\" \/>\r\n<meta name=\"twitter:card\" content=\"summary_large_image\" \/>\r\n<meta name=\"twitter:creator\" content=\"@acsiv\" \/>\r\n<meta name=\"twitter:site\" content=\"@acsiv\" \/>\r\n<meta name=\"twitter:label1\" content=\"Escrito por\" \/>\n\t<meta name=\"twitter:data1\" content=\"Eduardo Rodrigues\" \/>\n\t<meta name=\"twitter:label2\" content=\"Est. tempo de leitura\" \/>\n\t<meta name=\"twitter:data2\" content=\"4 minutos\" \/>\r\n<script type=\"application\/ld+json\" class=\"yoast-schema-graph\">{\"@context\":\"https:\/\/schema.org\",\"@graph\":[{\"@type\":\"Organization\",\"@id\":\"https:\/\/acsiv.com.br\/blog\/#organization\",\"name\":\"Acsiv Sistema\",\"url\":\"https:\/\/acsiv.com.br\/blog\/\",\"sameAs\":[\"https:\/\/instagram.com\/acsivsistemas\",\"https:\/\/pt.linkedin.com\/company\/acsiv\",\"https:\/\/www.facebook.com\/acsiv\",\"https:\/\/twitter.com\/acsiv\"],\"logo\":{\"@type\":\"ImageObject\",\"inLanguage\":\"pt-BR\",\"@id\":\"https:\/\/acsiv.com.br\/blog\/#\/schema\/logo\/image\/\",\"url\":\"https:\/\/acsiv.com.br\/blog\/wp-content\/uploads\/2020\/10\/Acsiv_logotipo.png\",\"contentUrl\":\"https:\/\/acsiv.com.br\/blog\/wp-content\/uploads\/2020\/10\/Acsiv_logotipo.png\",\"width\":1564,\"height\":668,\"caption\":\"Acsiv Sistema\"},\"image\":{\"@id\":\"https:\/\/acsiv.com.br\/blog\/#\/schema\/logo\/image\/\"}},{\"@type\":\"WebSite\",\"@id\":\"https:\/\/acsiv.com.br\/blog\/#website\",\"url\":\"https:\/\/acsiv.com.br\/blog\/\",\"name\":\"Blog da Acsiv\",\"description\":\"Conte\u00fado digital para cart\u00f3rios\",\"publisher\":{\"@id\":\"https:\/\/acsiv.com.br\/blog\/#organization\"},\"potentialAction\":[{\"@type\":\"SearchAction\",\"target\":{\"@type\":\"EntryPoint\",\"urlTemplate\":\"https:\/\/acsiv.com.br\/blog\/?s={search_term_string}\"},\"query-input\":\"required name=search_term_string\"}],\"inLanguage\":\"pt-BR\"},{\"@type\":\"WebPage\",\"@id\":\"https:\/\/acsiv.com.br\/blog\/2026\/01\/20\/burnout-nos-cartorios-prevencao-sinais-e-acoes-com-base-no-janeiro-branco\/\",\"url\":\"https:\/\/acsiv.com.br\/blog\/2026\/01\/20\/burnout-nos-cartorios-prevencao-sinais-e-acoes-com-base-no-janeiro-branco\/\",\"name\":\"Burnout nos Cart\u00f3rios: Sinais e A\u00e7\u00f5es com Base no Janeiro Branco\",\"isPartOf\":{\"@id\":\"https:\/\/acsiv.com.br\/blog\/#website\"},\"datePublished\":\"2026-01-20T18:54:05+00:00\",\"dateModified\":\"2026-01-20T18:58:05+00:00\",\"description\":\"Alerta para a sa\u00fade mental nos cart\u00f3rios: Saiba sobre os riscos do burnout e a\u00e7\u00f5es preventivas para bem-estar e qualidade do atendimento.\",\"breadcrumb\":{\"@id\":\"https:\/\/acsiv.com.br\/blog\/2026\/01\/20\/burnout-nos-cartorios-prevencao-sinais-e-acoes-com-base-no-janeiro-branco\/#breadcrumb\"},\"inLanguage\":\"pt-BR\",\"potentialAction\":[{\"@type\":\"ReadAction\",\"target\":[\"https:\/\/acsiv.com.br\/blog\/2026\/01\/20\/burnout-nos-cartorios-prevencao-sinais-e-acoes-com-base-no-janeiro-branco\/\"]}]},{\"@type\":\"BreadcrumbList\",\"@id\":\"https:\/\/acsiv.com.br\/blog\/2026\/01\/20\/burnout-nos-cartorios-prevencao-sinais-e-acoes-com-base-no-janeiro-branco\/#breadcrumb\",\"itemListElement\":[{\"@type\":\"ListItem\",\"position\":1,\"name\":\"In\u00edcio\",\"item\":\"https:\/\/acsiv.com.br\/blog\/\"},{\"@type\":\"ListItem\",\"position\":2,\"name\":\"Burnout nos Cart\u00f3rios: Preven\u00e7\u00e3o, Sinais e A\u00e7\u00f5es com Base no Janeiro Branco\"}]},{\"@type\":\"Article\",\"@id\":\"https:\/\/acsiv.com.br\/blog\/2026\/01\/20\/burnout-nos-cartorios-prevencao-sinais-e-acoes-com-base-no-janeiro-branco\/#article\",\"isPartOf\":{\"@id\":\"https:\/\/acsiv.com.br\/blog\/2026\/01\/20\/burnout-nos-cartorios-prevencao-sinais-e-acoes-com-base-no-janeiro-branco\/\"},\"author\":{\"name\":\"Eduardo Rodrigues\",\"@id\":\"https:\/\/acsiv.com.br\/blog\/#\/schema\/person\/54fd566d0efeb6dc731df7e4e38ce156\"},\"headline\":\"Burnout nos Cart\u00f3rios: Preven\u00e7\u00e3o, Sinais e A\u00e7\u00f5es com Base no Janeiro Branco\",\"datePublished\":\"2026-01-20T18:54:05+00:00\",\"dateModified\":\"2026-01-20T18:58:05+00:00\",\"mainEntityOfPage\":{\"@id\":\"https:\/\/acsiv.com.br\/blog\/2026\/01\/20\/burnout-nos-cartorios-prevencao-sinais-e-acoes-com-base-no-janeiro-branco\/\"},\"wordCount\":909,\"publisher\":{\"@id\":\"https:\/\/acsiv.com.br\/blog\/#organization\"},\"keywords\":[\"#BemEstarNoTrabalho\",\"#Burnout\",\"#Cartorio\",\"#CuidadoComAsPessoas\",\"#GestaoDePessoas\",\"#JaneiroBranco\",\"#PrevencaoDoBurnout\",\"#ProdutividadeComEquilibrio\",\"#qualidadedevida\",\"#RotinaCartorial\",\"#SaudeEmocional\",\"#SaudeMental\",\"#saudenotrabalho\"],\"articleSection\":[\"Cart\u00f3rios\",\"Dicas\"],\"inLanguage\":\"pt-BR\"},{\"@type\":\"Person\",\"@id\":\"https:\/\/acsiv.com.br\/blog\/#\/schema\/person\/54fd566d0efeb6dc731df7e4e38ce156\",\"name\":\"Eduardo Rodrigues\",\"image\":{\"@type\":\"ImageObject\",\"inLanguage\":\"pt-BR\",\"@id\":\"https:\/\/acsiv.com.br\/blog\/#\/schema\/person\/image\/\",\"url\":\"https:\/\/secure.gravatar.com\/avatar\/fee13940cf1da650036b52bc338d5881?s=96&d=mm&r=g\",\"contentUrl\":\"https:\/\/secure.gravatar.com\/avatar\/fee13940cf1da650036b52bc338d5881?s=96&d=mm&r=g\",\"caption\":\"Eduardo Rodrigues\"}}]}<\/script>\r\n<!-- \/ Yoast SEO plugin. -->","yoast_head_json":{"title":"Burnout nos Cart\u00f3rios: Sinais e A\u00e7\u00f5es com Base no Janeiro Branco","description":"Alerta para a sa\u00fade mental nos cart\u00f3rios: Saiba sobre os riscos do burnout e a\u00e7\u00f5es preventivas para bem-estar e qualidade do atendimento.","robots":{"index":"index","follow":"follow","max-snippet":"max-snippet:-1","max-image-preview":"max-image-preview:large","max-video-preview":"max-video-preview:-1"},"canonical":"https:\/\/acsiv.com.br\/blog\/2026\/01\/20\/burnout-nos-cartorios-prevencao-sinais-e-acoes-com-base-no-janeiro-branco\/","og_locale":"pt_BR","og_type":"article","og_title":"Burnout nos Cart\u00f3rios: Sinais e A\u00e7\u00f5es com Base no Janeiro Branco","og_description":"Alerta para a sa\u00fade mental nos cart\u00f3rios: Saiba sobre os riscos do burnout e a\u00e7\u00f5es preventivas para bem-estar e qualidade do atendimento.","og_url":"https:\/\/acsiv.com.br\/blog\/2026\/01\/20\/burnout-nos-cartorios-prevencao-sinais-e-acoes-com-base-no-janeiro-branco\/","og_site_name":"Blog da Acsiv","article_publisher":"https:\/\/www.facebook.com\/acsiv","article_published_time":"2026-01-20T18:54:05+00:00","article_modified_time":"2026-01-20T18:58:05+00:00","og_image":[{"width":1536,"height":820,"url":"https:\/\/acsiv.com.br\/blog\/wp-content\/uploads\/2026\/01\/blog.png","type":"image\/png"}],"author":"Eduardo Rodrigues","twitter_card":"summary_large_image","twitter_creator":"@acsiv","twitter_site":"@acsiv","twitter_misc":{"Escrito por":"Eduardo Rodrigues","Est. tempo de leitura":"4 minutos"},"schema":{"@context":"https:\/\/schema.org","@graph":[{"@type":"Organization","@id":"https:\/\/acsiv.com.br\/blog\/#organization","name":"Acsiv Sistema","url":"https:\/\/acsiv.com.br\/blog\/","sameAs":["https:\/\/instagram.com\/acsivsistemas","https:\/\/pt.linkedin.com\/company\/acsiv","https:\/\/www.facebook.com\/acsiv","https:\/\/twitter.com\/acsiv"],"logo":{"@type":"ImageObject","inLanguage":"pt-BR","@id":"https:\/\/acsiv.com.br\/blog\/#\/schema\/logo\/image\/","url":"https:\/\/acsiv.com.br\/blog\/wp-content\/uploads\/2020\/10\/Acsiv_logotipo.png","contentUrl":"https:\/\/acsiv.com.br\/blog\/wp-content\/uploads\/2020\/10\/Acsiv_logotipo.png","width":1564,"height":668,"caption":"Acsiv Sistema"},"image":{"@id":"https:\/\/acsiv.com.br\/blog\/#\/schema\/logo\/image\/"}},{"@type":"WebSite","@id":"https:\/\/acsiv.com.br\/blog\/#website","url":"https:\/\/acsiv.com.br\/blog\/","name":"Blog da Acsiv","description":"Conte\u00fado digital para cart\u00f3rios","publisher":{"@id":"https:\/\/acsiv.com.br\/blog\/#organization"},"potentialAction":[{"@type":"SearchAction","target":{"@type":"EntryPoint","urlTemplate":"https:\/\/acsiv.com.br\/blog\/?s={search_term_string}"},"query-input":"required name=search_term_string"}],"inLanguage":"pt-BR"},{"@type":"WebPage","@id":"https:\/\/acsiv.com.br\/blog\/2026\/01\/20\/burnout-nos-cartorios-prevencao-sinais-e-acoes-com-base-no-janeiro-branco\/","url":"https:\/\/acsiv.com.br\/blog\/2026\/01\/20\/burnout-nos-cartorios-prevencao-sinais-e-acoes-com-base-no-janeiro-branco\/","name":"Burnout nos Cart\u00f3rios: Sinais e A\u00e7\u00f5es com Base no Janeiro Branco","isPartOf":{"@id":"https:\/\/acsiv.com.br\/blog\/#website"},"datePublished":"2026-01-20T18:54:05+00:00","dateModified":"2026-01-20T18:58:05+00:00","description":"Alerta para a sa\u00fade mental nos cart\u00f3rios: Saiba sobre os riscos do burnout e a\u00e7\u00f5es preventivas para bem-estar e qualidade do atendimento.","breadcrumb":{"@id":"https:\/\/acsiv.com.br\/blog\/2026\/01\/20\/burnout-nos-cartorios-prevencao-sinais-e-acoes-com-base-no-janeiro-branco\/#breadcrumb"},"inLanguage":"pt-BR","potentialAction":[{"@type":"ReadAction","target":["https:\/\/acsiv.com.br\/blog\/2026\/01\/20\/burnout-nos-cartorios-prevencao-sinais-e-acoes-com-base-no-janeiro-branco\/"]}]},{"@type":"BreadcrumbList","@id":"https:\/\/acsiv.com.br\/blog\/2026\/01\/20\/burnout-nos-cartorios-prevencao-sinais-e-acoes-com-base-no-janeiro-branco\/#breadcrumb","itemListElement":[{"@type":"ListItem","position":1,"name":"In\u00edcio","item":"https:\/\/acsiv.com.br\/blog\/"},{"@type":"ListItem","position":2,"name":"Burnout nos Cart\u00f3rios: Preven\u00e7\u00e3o, Sinais e A\u00e7\u00f5es com Base no Janeiro Branco"}]},{"@type":"Article","@id":"https:\/\/acsiv.com.br\/blog\/2026\/01\/20\/burnout-nos-cartorios-prevencao-sinais-e-acoes-com-base-no-janeiro-branco\/#article","isPartOf":{"@id":"https:\/\/acsiv.com.br\/blog\/2026\/01\/20\/burnout-nos-cartorios-prevencao-sinais-e-acoes-com-base-no-janeiro-branco\/"},"author":{"name":"Eduardo Rodrigues","@id":"https:\/\/acsiv.com.br\/blog\/#\/schema\/person\/54fd566d0efeb6dc731df7e4e38ce156"},"headline":"Burnout nos Cart\u00f3rios: Preven\u00e7\u00e3o, Sinais e A\u00e7\u00f5es com Base no Janeiro Branco","datePublished":"2026-01-20T18:54:05+00:00","dateModified":"2026-01-20T18:58:05+00:00","mainEntityOfPage":{"@id":"https:\/\/acsiv.com.br\/blog\/2026\/01\/20\/burnout-nos-cartorios-prevencao-sinais-e-acoes-com-base-no-janeiro-branco\/"},"wordCount":909,"publisher":{"@id":"https:\/\/acsiv.com.br\/blog\/#organization"},"keywords":["#BemEstarNoTrabalho","#Burnout","#Cartorio","#CuidadoComAsPessoas","#GestaoDePessoas","#JaneiroBranco","#PrevencaoDoBurnout","#ProdutividadeComEquilibrio","#qualidadedevida","#RotinaCartorial","#SaudeEmocional","#SaudeMental","#saudenotrabalho"],"articleSection":["Cart\u00f3rios","Dicas"],"inLanguage":"pt-BR"},{"@type":"Person","@id":"https:\/\/acsiv.com.br\/blog\/#\/schema\/person\/54fd566d0efeb6dc731df7e4e38ce156","name":"Eduardo Rodrigues","image":{"@type":"ImageObject","inLanguage":"pt-BR","@id":"https:\/\/acsiv.com.br\/blog\/#\/schema\/person\/image\/","url":"https:\/\/secure.gravatar.com\/avatar\/fee13940cf1da650036b52bc338d5881?s=96&d=mm&r=g","contentUrl":"https:\/\/secure.gravatar.com\/avatar\/fee13940cf1da650036b52bc338d5881?s=96&d=mm&r=g","caption":"Eduardo Rodrigues"}}]}},"_links":{"self":[{"href":"https:\/\/acsiv.com.br\/blog\/wp-json\/wp\/v2\/posts\/1405"}],"collection":[{"href":"https:\/\/acsiv.com.br\/blog\/wp-json\/wp\/v2\/posts"}],"about":[{"href":"https:\/\/acsiv.com.br\/blog\/wp-json\/wp\/v2\/types\/post"}],"author":[{"embeddable":true,"href":"https:\/\/acsiv.com.br\/blog\/wp-json\/wp\/v2\/users\/2"}],"replies":[{"embeddable":true,"href":"https:\/\/acsiv.com.br\/blog\/wp-json\/wp\/v2\/comments?post=1405"}],"version-history":[{"count":3,"href":"https:\/\/acsiv.com.br\/blog\/wp-json\/wp\/v2\/posts\/1405\/revisions"}],"predecessor-version":[{"id":1410,"href":"https:\/\/acsiv.com.br\/blog\/wp-json\/wp\/v2\/posts\/1405\/revisions\/1410"}],"wp:featuredmedia":[{"embeddable":true,"href":"https:\/\/acsiv.com.br\/blog\/wp-json\/wp\/v2\/media\/1409"}],"wp:attachment":[{"href":"https:\/\/acsiv.com.br\/blog\/wp-json\/wp\/v2\/media?parent=1405"}],"wp:term":[{"taxonomy":"category","embeddable":true,"href":"https:\/\/acsiv.com.br\/blog\/wp-json\/wp\/v2\/categories?post=1405"},{"taxonomy":"post_tag","embeddable":true,"href":"https:\/\/acsiv.com.br\/blog\/wp-json\/wp\/v2\/tags?post=1405"}],"curies":[{"name":"wp","href":"https:\/\/api.w.org\/{rel}","templated":true}]}}