{"id":1342,"date":"2025-10-14T17:19:10","date_gmt":"2025-10-14T20:19:10","guid":{"rendered":"https:\/\/acsiv.com.br\/blog\/?p=1342"},"modified":"2025-10-14T17:36:37","modified_gmt":"2025-10-14T20:36:37","slug":"cartorio-com-proposito-unindo-outubro-rosa-e-novembro-azul-na-defesa-da-vida","status":"publish","type":"post","link":"https:\/\/acsiv.com.br\/blog\/2025\/10\/14\/cartorio-com-proposito-unindo-outubro-rosa-e-novembro-azul-na-defesa-da-vida\/","title":{"rendered":"Cart\u00f3rio com Prop\u00f3sito: Unindo Outubro Rosa e Novembro Azul na Defesa da Vida"},"content":{"rendered":"\n<p><\/p>\n\n\n\n<p><a href=\"https:\/\/pt.wikipedia.org\/wiki\/Outubro_Rosa?utm_source\" target=\"_blank\" rel=\"noreferrer noopener\">As campanhas Outubro Rosa (c\u00e2ncer de mama) e Novembro Azul (c\u00e2ncer de pr\u00f3stata e sa\u00fade masculina)<\/a> s\u00e3o reconhecidas nacionalmente como momentos-chave para conscientiza\u00e7\u00e3o em sa\u00fade p\u00fablica. Embora tradicionalmente ligadas ao ambiente da sa\u00fade, essas campanhas t\u00eam enorme impacto social e os cart\u00f3rios, como servi\u00e7o p\u00fablico de grande circula\u00e7\u00e3o e visibilidade, podem exercer um papel estrat\u00e9gico.<br>Ao participar dessas campanhas, o cart\u00f3rio n\u00e3o apenas refor\u00e7a sua responsabilidade social, mas tamb\u00e9m aproxima-se emocionalmente do p\u00fablico, contribuindo para quebrar tabus, estimular exames preventivos e salvar vidas.<\/p>\n\n\n\n<p>Nesse contexto, \u00e9 importante relembrar a trajet\u00f3ria dessas campanhas. O <a href=\"https:\/\/pt.wikipedia.org\/wiki\/Outubro_Rosa?utm_source\" target=\"_blank\" rel=\"noreferrer noopener\">Outubro Rosa<\/a> consolidou-se como um movimento internacional voltado \u00e0 conscientiza\u00e7\u00e3o sobre o c\u00e2ncer de mama e, no Brasil, passou a incluir tamb\u00e9m o c\u00e2ncer de colo do \u00fatero. O diagn\u00f3stico precoce, por meio da mamografia e do acompanhamento m\u00e9dico regular, \u00e9 essencial para aumentar as chances de cura. J\u00e1 o <a href=\"https:\/\/pt.wikipedia.org\/wiki\/Novembro_Azul?utm_source\" target=\"_blank\" rel=\"noreferrer noopener\">Novembro Azul <\/a>tem como foco principal a sa\u00fade masculina, com destaque para a preven\u00e7\u00e3o do c\u00e2ncer de pr\u00f3stata, al\u00e9m de promover o cuidado integral do homem, abordando tamb\u00e9m quest\u00f5es como depress\u00e3o e doen\u00e7as cardiovasculares.<\/p>\n\n\n\n<p>Para 2025, espera-se que essas campanhas continuem despertando debates sobre autocuidado, pois ainda atualmente, \u00e9 not\u00f3rio que existem desafios de conscientiza\u00e7\u00e3o. Muitos homens ainda enxergam o exame de pr\u00f3stata (toque retal, PSA) como algo constrangedor ou desnecess\u00e1rio, o que alimenta a resist\u00eancia \u00e0 preven\u00e7\u00e3o.<\/p>\n\n\n\n<p>No caso do c\u00e2ncer de mama, apesar de ser mais socialmente aceito falar sobre isso, h\u00e1 ainda muitos mitos e omiss\u00f5es, principalmente em contextos rurais ou com menor acesso \u00e0 informa\u00e7\u00e3o. A esfera institucional pode parecer tradicional ou distante em quest\u00f5es de sa\u00fade \u2014 por isso, a atua\u00e7\u00e3o dos cart\u00f3rios pode aproximar essa institucionalidade da realidade cotidiana das pessoas.<\/p>\n\n\n\n<p><strong>O que os cart\u00f3rios podem fazer? Abaixo ideias pr\u00e1ticas de divulga\u00e7\u00e3o<\/strong><\/p>\n\n\n\n<ul>\n<li>Fixar cartazes nos murais das serventias (formatos A2, A3, A4) com informa\u00e7\u00f5es de preven\u00e7\u00e3o, mitos e verdades.<\/li>\n<\/ul>\n\n\n\n<ul>\n<li>Distribuir folhetos ou cartilhas simples com linguagem acess\u00edvel durante atendimentos ou junto \u00e0s certid\u00f5es emitidas (por exemplo, entregar com certid\u00f5es civis).<\/li>\n<\/ul>\n\n\n\n<ul>\n<li>Utilizar adesivos nos balc\u00f5es, faixas ou banners tem\u00e1ticos com as cores rosa e azul nos respectivos meses.<\/li>\n<\/ul>\n\n\n\n<ul>\n<li>Realizar oficinas internas com colaboradores para sensibiliza\u00e7\u00e3o, treinamento de comunica\u00e7\u00e3o e atendimento humanizado no tema sa\u00fade.<\/li>\n<\/ul>\n\n\n\n<ul>\n<li>Publicar posts informativos nas redes sociais institucionais (Instagram, Facebook, LinkedIn) com infogr\u00e1ficos, v\u00eddeos curtos e depoimentos sobre preven\u00e7\u00e3o.<\/li>\n<\/ul>\n\n\n\n<ul>\n<li>Criar s\u00e9ries de Stories ou posts tem\u00e1ticos ao longo do m\u00eas (ex: \u201cMito ou Verdade?\u201d sobre c\u00e2ncer de pr\u00f3stata ou mama).<\/li>\n<\/ul>\n\n\n\n<ul>\n<li>Firmar parcerias com postos de sa\u00fade, cl\u00ednicas locais, associa\u00e7\u00f5es de pacientes ou ONGs para disponibilizar materiais, encaminhamentos ou mutir\u00f5es de atendimento.<\/li>\n<\/ul>\n\n\n\n<p>Em resumo, os cart\u00f3rios ao aderirem<a href=\"https:\/\/acsiv.com.br\/blog\/2024\/10\/08\/o-impacto-do-cancer-de-mama-na-vida-profissional-das-mulheres\/\" target=\"_blank\" rel=\"noreferrer noopener\"> \u00e0s campanhas Outubro Rosa<\/a> e <a href=\"https:\/\/acsiv.com.br\/blog\/2024\/11\/05\/novembro-azul-combatendo-o-preconceito-e-promovendo-a-saude-masculina\/\" target=\"_blank\" rel=\"noreferrer noopener\">Novembro Azul<\/a>, refor\u00e7am seu papel social, ampliam a conscientiza\u00e7\u00e3o e aproximam-se da comunidade ao promover informa\u00e7\u00e3o e incentivo \u00e0 preven\u00e7\u00e3o. Essas a\u00e7\u00f5es ajudam a quebrar tabus e fortalecer a cultura do autocuidado, contribuindo para diagn\u00f3sticos mais precoces e uma sociedade mais consciente.<\/p>\n\n\n\n<p>Para garantir impacto positivo, \u00e9 essencial basear as informa\u00e7\u00f5es em fontes confi\u00e1veis, comunicar-se com empatia e avaliar os resultados das a\u00e7\u00f5es. Assim, cada cart\u00f3rio se torna agente ativo na promo\u00e7\u00e3o da sa\u00fade e exemplo de responsabilidade social.<\/p>\n\n\n\n<p class=\"has-text-align-right\">Escrito por: Louren\u00e7a Maria<\/p>\n","protected":false},"excerpt":{"rendered":"<p>Neste artigo, discutimos como os cart\u00f3rios podem ser protagonistas nas campanhas Outubro Rosa e Novembro Azul, atuando na divulga\u00e7\u00e3o e promo\u00e7\u00e3o de atitudes de autocuidado e preven\u00e7\u00e3o. Ao transformar seu espa\u00e7o em ve\u00edculo de conscientiza\u00e7\u00e3o, o cart\u00f3rio refor\u00e7a sua miss\u00e3o social e valor junto \u00e0 comunidade.<\/p>\n","protected":false},"author":2,"featured_media":1344,"comment_status":"closed","ping_status":"open","sticky":false,"template":"","format":"standard","meta":[],"categories":[15,23,9],"tags":[713,675,1031,250,216,1029],"yoast_head":"<!-- This site is optimized with the Yoast SEO plugin v19.4 - https:\/\/yoast.com\/wordpress\/plugins\/seo\/ -->\r\n<title>&quot;Serventias que Inspiram: Conscientiza\u00e7\u00e3o e Sa\u00fade nos Cart\u00f3rios&quot;<\/title>\r\n<meta name=\"description\" content=\"Os cart\u00f3rios tamb\u00e9m vestem rosa e azul! A uni\u00e3o das campanhas Outubro Rosa e Novembro Azul refor\u00e7am a import\u00e2ncia do cuidado com a sa\u00fade.\" \/>\r\n<meta name=\"robots\" content=\"index, follow, max-snippet:-1, max-image-preview:large, max-video-preview:-1\" \/>\r\n<link rel=\"canonical\" href=\"https:\/\/acsiv.com.br\/blog\/2025\/10\/14\/cartorio-com-proposito-unindo-outubro-rosa-e-novembro-azul-na-defesa-da-vida\/\" \/>\r\n<meta property=\"og:locale\" content=\"pt_BR\" \/>\r\n<meta property=\"og:type\" content=\"article\" \/>\r\n<meta property=\"og:title\" content=\"&quot;Serventias que Inspiram: Conscientiza\u00e7\u00e3o e Sa\u00fade nos Cart\u00f3rios&quot;\" \/>\r\n<meta property=\"og:description\" content=\"Os cart\u00f3rios tamb\u00e9m vestem rosa e azul! A uni\u00e3o das campanhas Outubro Rosa e Novembro Azul refor\u00e7am a import\u00e2ncia do cuidado com a sa\u00fade.\" \/>\r\n<meta property=\"og:url\" content=\"https:\/\/acsiv.com.br\/blog\/2025\/10\/14\/cartorio-com-proposito-unindo-outubro-rosa-e-novembro-azul-na-defesa-da-vida\/\" \/>\r\n<meta property=\"og:site_name\" content=\"Blog da Acsiv\" \/>\r\n<meta property=\"article:publisher\" content=\"https:\/\/www.facebook.com\/acsiv\" \/>\r\n<meta property=\"article:published_time\" content=\"2025-10-14T20:19:10+00:00\" \/>\r\n<meta property=\"article:modified_time\" content=\"2025-10-14T20:36:37+00:00\" \/>\r\n<meta property=\"og:image\" content=\"https:\/\/acsiv.com.br\/blog\/wp-content\/uploads\/2025\/10\/blogpng.png\" \/>\r\n\t<meta property=\"og:image:width\" content=\"1536\" \/>\r\n\t<meta property=\"og:image:height\" content=\"1024\" \/>\r\n\t<meta property=\"og:image:type\" content=\"image\/png\" \/>\r\n<meta name=\"author\" content=\"Eduardo Rodrigues\" \/>\r\n<meta name=\"twitter:card\" content=\"summary_large_image\" \/>\r\n<meta name=\"twitter:creator\" content=\"@acsiv\" \/>\r\n<meta name=\"twitter:site\" content=\"@acsiv\" \/>\r\n<meta name=\"twitter:label1\" content=\"Escrito por\" \/>\n\t<meta name=\"twitter:data1\" content=\"Eduardo Rodrigues\" \/>\n\t<meta name=\"twitter:label2\" content=\"Est. tempo de leitura\" \/>\n\t<meta name=\"twitter:data2\" content=\"3 minutos\" \/>\r\n<script type=\"application\/ld+json\" class=\"yoast-schema-graph\">{\"@context\":\"https:\/\/schema.org\",\"@graph\":[{\"@type\":\"Organization\",\"@id\":\"https:\/\/acsiv.com.br\/blog\/#organization\",\"name\":\"Acsiv Sistema\",\"url\":\"https:\/\/acsiv.com.br\/blog\/\",\"sameAs\":[\"https:\/\/instagram.com\/acsivsistemas\",\"https:\/\/pt.linkedin.com\/company\/acsiv\",\"https:\/\/www.facebook.com\/acsiv\",\"https:\/\/twitter.com\/acsiv\"],\"logo\":{\"@type\":\"ImageObject\",\"inLanguage\":\"pt-BR\",\"@id\":\"https:\/\/acsiv.com.br\/blog\/#\/schema\/logo\/image\/\",\"url\":\"https:\/\/acsiv.com.br\/blog\/wp-content\/uploads\/2020\/10\/Acsiv_logotipo.png\",\"contentUrl\":\"https:\/\/acsiv.com.br\/blog\/wp-content\/uploads\/2020\/10\/Acsiv_logotipo.png\",\"width\":1564,\"height\":668,\"caption\":\"Acsiv Sistema\"},\"image\":{\"@id\":\"https:\/\/acsiv.com.br\/blog\/#\/schema\/logo\/image\/\"}},{\"@type\":\"WebSite\",\"@id\":\"https:\/\/acsiv.com.br\/blog\/#website\",\"url\":\"https:\/\/acsiv.com.br\/blog\/\",\"name\":\"Blog da Acsiv\",\"description\":\"Conte\u00fado digital para cart\u00f3rios\",\"publisher\":{\"@id\":\"https:\/\/acsiv.com.br\/blog\/#organization\"},\"potentialAction\":[{\"@type\":\"SearchAction\",\"target\":{\"@type\":\"EntryPoint\",\"urlTemplate\":\"https:\/\/acsiv.com.br\/blog\/?s={search_term_string}\"},\"query-input\":\"required name=search_term_string\"}],\"inLanguage\":\"pt-BR\"},{\"@type\":\"WebPage\",\"@id\":\"https:\/\/acsiv.com.br\/blog\/2025\/10\/14\/cartorio-com-proposito-unindo-outubro-rosa-e-novembro-azul-na-defesa-da-vida\/\",\"url\":\"https:\/\/acsiv.com.br\/blog\/2025\/10\/14\/cartorio-com-proposito-unindo-outubro-rosa-e-novembro-azul-na-defesa-da-vida\/\",\"name\":\"\\\"Serventias que Inspiram: Conscientiza\u00e7\u00e3o e Sa\u00fade nos Cart\u00f3rios\\\"\",\"isPartOf\":{\"@id\":\"https:\/\/acsiv.com.br\/blog\/#website\"},\"datePublished\":\"2025-10-14T20:19:10+00:00\",\"dateModified\":\"2025-10-14T20:36:37+00:00\",\"description\":\"Os cart\u00f3rios tamb\u00e9m vestem rosa e azul! A uni\u00e3o das campanhas Outubro Rosa e Novembro Azul refor\u00e7am a import\u00e2ncia do cuidado com a sa\u00fade.\",\"breadcrumb\":{\"@id\":\"https:\/\/acsiv.com.br\/blog\/2025\/10\/14\/cartorio-com-proposito-unindo-outubro-rosa-e-novembro-azul-na-defesa-da-vida\/#breadcrumb\"},\"inLanguage\":\"pt-BR\",\"potentialAction\":[{\"@type\":\"ReadAction\",\"target\":[\"https:\/\/acsiv.com.br\/blog\/2025\/10\/14\/cartorio-com-proposito-unindo-outubro-rosa-e-novembro-azul-na-defesa-da-vida\/\"]}]},{\"@type\":\"BreadcrumbList\",\"@id\":\"https:\/\/acsiv.com.br\/blog\/2025\/10\/14\/cartorio-com-proposito-unindo-outubro-rosa-e-novembro-azul-na-defesa-da-vida\/#breadcrumb\",\"itemListElement\":[{\"@type\":\"ListItem\",\"position\":1,\"name\":\"In\u00edcio\",\"item\":\"https:\/\/acsiv.com.br\/blog\/\"},{\"@type\":\"ListItem\",\"position\":2,\"name\":\"Cart\u00f3rio com Prop\u00f3sito: Unindo Outubro Rosa e Novembro Azul na Defesa da Vida\"}]},{\"@type\":\"Article\",\"@id\":\"https:\/\/acsiv.com.br\/blog\/2025\/10\/14\/cartorio-com-proposito-unindo-outubro-rosa-e-novembro-azul-na-defesa-da-vida\/#article\",\"isPartOf\":{\"@id\":\"https:\/\/acsiv.com.br\/blog\/2025\/10\/14\/cartorio-com-proposito-unindo-outubro-rosa-e-novembro-azul-na-defesa-da-vida\/\"},\"author\":{\"name\":\"Eduardo Rodrigues\",\"@id\":\"https:\/\/acsiv.com.br\/blog\/#\/schema\/person\/54fd566d0efeb6dc731df7e4e38ce156\"},\"headline\":\"Cart\u00f3rio com Prop\u00f3sito: Unindo Outubro Rosa e Novembro Azul na Defesa da Vida\",\"datePublished\":\"2025-10-14T20:19:10+00:00\",\"dateModified\":\"2025-10-14T20:36:37+00:00\",\"mainEntityOfPage\":{\"@id\":\"https:\/\/acsiv.com.br\/blog\/2025\/10\/14\/cartorio-com-proposito-unindo-outubro-rosa-e-novembro-azul-na-defesa-da-vida\/\"},\"wordCount\":618,\"publisher\":{\"@id\":\"https:\/\/acsiv.com.br\/blog\/#organization\"},\"keywords\":[\"#autocuidado\",\"#C\u00e2ncerDeMama\",\"#JuntosPelaSa\u00fade\",\"#NovembroAzul\",\"#OutubroRosa\",\"#Sa\u00fade\u00c9Prioridade\"],\"articleSection\":[\"Cart\u00f3rios\",\"Dicas\",\"Not\u00edcias\"],\"inLanguage\":\"pt-BR\"},{\"@type\":\"Person\",\"@id\":\"https:\/\/acsiv.com.br\/blog\/#\/schema\/person\/54fd566d0efeb6dc731df7e4e38ce156\",\"name\":\"Eduardo Rodrigues\",\"image\":{\"@type\":\"ImageObject\",\"inLanguage\":\"pt-BR\",\"@id\":\"https:\/\/acsiv.com.br\/blog\/#\/schema\/person\/image\/\",\"url\":\"https:\/\/secure.gravatar.com\/avatar\/fee13940cf1da650036b52bc338d5881?s=96&d=mm&r=g\",\"contentUrl\":\"https:\/\/secure.gravatar.com\/avatar\/fee13940cf1da650036b52bc338d5881?s=96&d=mm&r=g\",\"caption\":\"Eduardo Rodrigues\"}}]}<\/script>\r\n<!-- \/ Yoast SEO plugin. -->","yoast_head_json":{"title":"\"Serventias que Inspiram: Conscientiza\u00e7\u00e3o e Sa\u00fade nos Cart\u00f3rios\"","description":"Os cart\u00f3rios tamb\u00e9m vestem rosa e azul! A uni\u00e3o das campanhas Outubro Rosa e Novembro Azul refor\u00e7am a import\u00e2ncia do cuidado com a sa\u00fade.","robots":{"index":"index","follow":"follow","max-snippet":"max-snippet:-1","max-image-preview":"max-image-preview:large","max-video-preview":"max-video-preview:-1"},"canonical":"https:\/\/acsiv.com.br\/blog\/2025\/10\/14\/cartorio-com-proposito-unindo-outubro-rosa-e-novembro-azul-na-defesa-da-vida\/","og_locale":"pt_BR","og_type":"article","og_title":"\"Serventias que Inspiram: Conscientiza\u00e7\u00e3o e Sa\u00fade nos Cart\u00f3rios\"","og_description":"Os cart\u00f3rios tamb\u00e9m vestem rosa e azul! A uni\u00e3o das campanhas Outubro Rosa e Novembro Azul refor\u00e7am a import\u00e2ncia do cuidado com a sa\u00fade.","og_url":"https:\/\/acsiv.com.br\/blog\/2025\/10\/14\/cartorio-com-proposito-unindo-outubro-rosa-e-novembro-azul-na-defesa-da-vida\/","og_site_name":"Blog da Acsiv","article_publisher":"https:\/\/www.facebook.com\/acsiv","article_published_time":"2025-10-14T20:19:10+00:00","article_modified_time":"2025-10-14T20:36:37+00:00","og_image":[{"width":1536,"height":1024,"url":"https:\/\/acsiv.com.br\/blog\/wp-content\/uploads\/2025\/10\/blogpng.png","type":"image\/png"}],"author":"Eduardo Rodrigues","twitter_card":"summary_large_image","twitter_creator":"@acsiv","twitter_site":"@acsiv","twitter_misc":{"Escrito por":"Eduardo Rodrigues","Est. tempo de leitura":"3 minutos"},"schema":{"@context":"https:\/\/schema.org","@graph":[{"@type":"Organization","@id":"https:\/\/acsiv.com.br\/blog\/#organization","name":"Acsiv Sistema","url":"https:\/\/acsiv.com.br\/blog\/","sameAs":["https:\/\/instagram.com\/acsivsistemas","https:\/\/pt.linkedin.com\/company\/acsiv","https:\/\/www.facebook.com\/acsiv","https:\/\/twitter.com\/acsiv"],"logo":{"@type":"ImageObject","inLanguage":"pt-BR","@id":"https:\/\/acsiv.com.br\/blog\/#\/schema\/logo\/image\/","url":"https:\/\/acsiv.com.br\/blog\/wp-content\/uploads\/2020\/10\/Acsiv_logotipo.png","contentUrl":"https:\/\/acsiv.com.br\/blog\/wp-content\/uploads\/2020\/10\/Acsiv_logotipo.png","width":1564,"height":668,"caption":"Acsiv Sistema"},"image":{"@id":"https:\/\/acsiv.com.br\/blog\/#\/schema\/logo\/image\/"}},{"@type":"WebSite","@id":"https:\/\/acsiv.com.br\/blog\/#website","url":"https:\/\/acsiv.com.br\/blog\/","name":"Blog da Acsiv","description":"Conte\u00fado digital para cart\u00f3rios","publisher":{"@id":"https:\/\/acsiv.com.br\/blog\/#organization"},"potentialAction":[{"@type":"SearchAction","target":{"@type":"EntryPoint","urlTemplate":"https:\/\/acsiv.com.br\/blog\/?s={search_term_string}"},"query-input":"required name=search_term_string"}],"inLanguage":"pt-BR"},{"@type":"WebPage","@id":"https:\/\/acsiv.com.br\/blog\/2025\/10\/14\/cartorio-com-proposito-unindo-outubro-rosa-e-novembro-azul-na-defesa-da-vida\/","url":"https:\/\/acsiv.com.br\/blog\/2025\/10\/14\/cartorio-com-proposito-unindo-outubro-rosa-e-novembro-azul-na-defesa-da-vida\/","name":"\"Serventias que Inspiram: Conscientiza\u00e7\u00e3o e Sa\u00fade nos Cart\u00f3rios\"","isPartOf":{"@id":"https:\/\/acsiv.com.br\/blog\/#website"},"datePublished":"2025-10-14T20:19:10+00:00","dateModified":"2025-10-14T20:36:37+00:00","description":"Os cart\u00f3rios tamb\u00e9m vestem rosa e azul! A uni\u00e3o das campanhas Outubro Rosa e Novembro Azul refor\u00e7am a import\u00e2ncia do cuidado com a sa\u00fade.","breadcrumb":{"@id":"https:\/\/acsiv.com.br\/blog\/2025\/10\/14\/cartorio-com-proposito-unindo-outubro-rosa-e-novembro-azul-na-defesa-da-vida\/#breadcrumb"},"inLanguage":"pt-BR","potentialAction":[{"@type":"ReadAction","target":["https:\/\/acsiv.com.br\/blog\/2025\/10\/14\/cartorio-com-proposito-unindo-outubro-rosa-e-novembro-azul-na-defesa-da-vida\/"]}]},{"@type":"BreadcrumbList","@id":"https:\/\/acsiv.com.br\/blog\/2025\/10\/14\/cartorio-com-proposito-unindo-outubro-rosa-e-novembro-azul-na-defesa-da-vida\/#breadcrumb","itemListElement":[{"@type":"ListItem","position":1,"name":"In\u00edcio","item":"https:\/\/acsiv.com.br\/blog\/"},{"@type":"ListItem","position":2,"name":"Cart\u00f3rio com Prop\u00f3sito: Unindo Outubro Rosa e Novembro Azul na Defesa da Vida"}]},{"@type":"Article","@id":"https:\/\/acsiv.com.br\/blog\/2025\/10\/14\/cartorio-com-proposito-unindo-outubro-rosa-e-novembro-azul-na-defesa-da-vida\/#article","isPartOf":{"@id":"https:\/\/acsiv.com.br\/blog\/2025\/10\/14\/cartorio-com-proposito-unindo-outubro-rosa-e-novembro-azul-na-defesa-da-vida\/"},"author":{"name":"Eduardo Rodrigues","@id":"https:\/\/acsiv.com.br\/blog\/#\/schema\/person\/54fd566d0efeb6dc731df7e4e38ce156"},"headline":"Cart\u00f3rio com Prop\u00f3sito: Unindo Outubro Rosa e Novembro Azul na Defesa da Vida","datePublished":"2025-10-14T20:19:10+00:00","dateModified":"2025-10-14T20:36:37+00:00","mainEntityOfPage":{"@id":"https:\/\/acsiv.com.br\/blog\/2025\/10\/14\/cartorio-com-proposito-unindo-outubro-rosa-e-novembro-azul-na-defesa-da-vida\/"},"wordCount":618,"publisher":{"@id":"https:\/\/acsiv.com.br\/blog\/#organization"},"keywords":["#autocuidado","#C\u00e2ncerDeMama","#JuntosPelaSa\u00fade","#NovembroAzul","#OutubroRosa","#Sa\u00fade\u00c9Prioridade"],"articleSection":["Cart\u00f3rios","Dicas","Not\u00edcias"],"inLanguage":"pt-BR"},{"@type":"Person","@id":"https:\/\/acsiv.com.br\/blog\/#\/schema\/person\/54fd566d0efeb6dc731df7e4e38ce156","name":"Eduardo Rodrigues","image":{"@type":"ImageObject","inLanguage":"pt-BR","@id":"https:\/\/acsiv.com.br\/blog\/#\/schema\/person\/image\/","url":"https:\/\/secure.gravatar.com\/avatar\/fee13940cf1da650036b52bc338d5881?s=96&d=mm&r=g","contentUrl":"https:\/\/secure.gravatar.com\/avatar\/fee13940cf1da650036b52bc338d5881?s=96&d=mm&r=g","caption":"Eduardo Rodrigues"}}]}},"_links":{"self":[{"href":"https:\/\/acsiv.com.br\/blog\/wp-json\/wp\/v2\/posts\/1342"}],"collection":[{"href":"https:\/\/acsiv.com.br\/blog\/wp-json\/wp\/v2\/posts"}],"about":[{"href":"https:\/\/acsiv.com.br\/blog\/wp-json\/wp\/v2\/types\/post"}],"author":[{"embeddable":true,"href":"https:\/\/acsiv.com.br\/blog\/wp-json\/wp\/v2\/users\/2"}],"replies":[{"embeddable":true,"href":"https:\/\/acsiv.com.br\/blog\/wp-json\/wp\/v2\/comments?post=1342"}],"version-history":[{"count":1,"href":"https:\/\/acsiv.com.br\/blog\/wp-json\/wp\/v2\/posts\/1342\/revisions"}],"predecessor-version":[{"id":1343,"href":"https:\/\/acsiv.com.br\/blog\/wp-json\/wp\/v2\/posts\/1342\/revisions\/1343"}],"wp:featuredmedia":[{"embeddable":true,"href":"https:\/\/acsiv.com.br\/blog\/wp-json\/wp\/v2\/media\/1344"}],"wp:attachment":[{"href":"https:\/\/acsiv.com.br\/blog\/wp-json\/wp\/v2\/media?parent=1342"}],"wp:term":[{"taxonomy":"category","embeddable":true,"href":"https:\/\/acsiv.com.br\/blog\/wp-json\/wp\/v2\/categories?post=1342"},{"taxonomy":"post_tag","embeddable":true,"href":"https:\/\/acsiv.com.br\/blog\/wp-json\/wp\/v2\/tags?post=1342"}],"curies":[{"name":"wp","href":"https:\/\/api.w.org\/{rel}","templated":true}]}}