{"id":1057,"date":"2024-10-15T16:03:48","date_gmt":"2024-10-15T19:03:48","guid":{"rendered":"https:\/\/acsiv.com.br\/blog\/?p=1057"},"modified":"2024-10-15T16:13:18","modified_gmt":"2024-10-15T19:13:18","slug":"dia-do-juiz-de-paz-celebrando-uma-historia-de-resolucao-e-justica","status":"publish","type":"post","link":"https:\/\/acsiv.com.br\/blog\/2024\/10\/15\/dia-do-juiz-de-paz-celebrando-uma-historia-de-resolucao-e-justica\/","title":{"rendered":"Dia do Juiz de Paz: Celebrando uma Hist\u00f3ria de Resolu\u00e7\u00e3o e Justi\u00e7a"},"content":{"rendered":"\n<p><\/p>\n\n\n\n<p>Em 15 de outubro, comemoramos o Dia do Juiz de Paz, uma figura fundamental para a administra\u00e7\u00e3o da justi\u00e7a, especialmente em quest\u00f5es que envolvem a comunidade e a harmonia social. Mas <a href=\"https:\/\/www.educamaisbrasil.com.br\/educacao\/carreira\/como-se-tornar-juiz-de-paz-saiba-tudo-sobre-a-funcao\" target=\"_blank\" rel=\"noreferrer noopener\">quem \u00e9 o juiz de paz e qual \u00e9 o seu papel na sociedade<\/a>?<\/p>\n\n\n\n<p><strong>O que \u00e9 o Juiz de Paz?<\/strong><\/p>\n\n\n\n<p>O juiz de paz \u00e9 um magistrado respons\u00e1vel pela condu\u00e7\u00e3o de processos de menor complexidade, como concilia\u00e7\u00f5es, media\u00e7\u00f5es e, talvez o mais conhecido, a celebra\u00e7\u00e3o de casamentos civis. Seu trabalho vai al\u00e9m de formalidades jur\u00eddicas; ele exerce um papel de proximidade com a comunidade, resolvendo conflitos de forma amig\u00e1vel e muitas vezes evitando que pequenos desentendimentos cheguem aos tribunais.<\/p>\n\n\n\n<p><strong>A Origem do Juiz de Paz<\/strong><\/p>\n\n\n\n<p>A figura do juiz de paz tem ra\u00edzes que remontam ao s\u00e9culo XIX, mais especificamente \u00e0 \u00e9poca do Brasil Imp\u00e9rio. Em 1827, foi regulamentado <a href=\"https:\/\/www.almg.gov.br\/legislacao-mineira\/texto\/LEI\/13454\/2000\/?cons=1\" target=\"_blank\" rel=\"noreferrer noopener\">por lei<\/a> e estabelecido como um cargo de grande relev\u00e2ncia para o sistema judicial da \u00e9poca. O objetivo era claro: resolver conflitos cotidianos de maneira simples e eficiente, sem a necessidade de envolver inst\u00e2ncias superiores. Com isso, os ju\u00edzes de paz<a href=\"https:\/\/www.educamaisbrasil.com.br\/educacao\/carreira\/como-se-tornar-juiz-de-paz-saiba-tudo-sobre-a-funcao\" target=\"_blank\" rel=\"noreferrer noopener\"> <\/a>se tornaram um elo essencial entre a justi\u00e7a e o cidad\u00e3o comum.<\/p>\n\n\n\n<p>Ao longo do tempo, o papel do juiz de paz foi sendo moldado de acordo com as necessidades da sociedade, mas sua ess\u00eancia permaneceu a mesma: aproximar o poder judici\u00e1rio do povo, sempre com o foco na concilia\u00e7\u00e3o e na paz social.<\/p>\n\n\n\n<p><strong>A Import\u00e2ncia do Juiz de Paz<\/strong><\/p>\n\n\n\n<p>Embora muitas vezes desconhecido por grande parte da popula\u00e7\u00e3o, o juiz de paz desempenha um papel central na administra\u00e7\u00e3o da justi\u00e7a. Ele facilita acordos, previne lit\u00edgios mais complexos e ajuda a garantir que a justi\u00e7a seja acess\u00edvel a todos. Em cerim\u00f4nias de casamento, o juiz de paz tamb\u00e9m simboliza a uni\u00e3o formal entre duas pessoas, conferindo \u00e0 ocasi\u00e3o um car\u00e1ter oficial e solene.<\/p>\n\n\n\n<p>Sua import\u00e2ncia se reflete na capacidade de promover a pacifica\u00e7\u00e3o de conflitos sem a necessidade de processos longos e dispendiosos, contribuindo para um sistema judicial mais \u00e1gil e descomplicado.<\/p>\n\n\n\n<p><strong>Conclus\u00e3o<\/strong><\/p>\n\n\n\n<p>Neste 15 de outubro, a comemora\u00e7\u00e3o do Dia do Juiz de Paz \u00e9 uma oportunidade para refletirmos sobre a import\u00e2ncia desse magistrado para a sociedade. Em um mundo cada vez mais complexo, a simplicidade, a proximidade e o poder de concilia\u00e7\u00e3o do juiz de paz continuam a ser elementos fundamentais para a harmonia social. Celebramos, assim, todos aqueles que dedicam sua carreira \u00e0 promo\u00e7\u00e3o da paz e da justi\u00e7a no cotidiano.<\/p>\n\n\n\n<p class=\"has-text-align-right\">Escrito por: Isabella Flores<\/p>\n","protected":false},"excerpt":{"rendered":"<p>Neste 15 de outubro, celebramos o Dia do Juiz de Paz, uma figura hist\u00f3rica e essencial para a justi\u00e7a no Brasil. Descubra a origem desse magistrado, seu papel na resolu\u00e7\u00e3o de conflitos e sua import\u00e2ncia na promo\u00e7\u00e3o da paz e da harmonia social.<\/p>\n","protected":false},"author":2,"featured_media":1063,"comment_status":"closed","ping_status":"open","sticky":false,"template":"","format":"standard","meta":[],"categories":[7],"tags":[692,691,688,690,687,689,693],"yoast_head":"<!-- This site is optimized with the Yoast SEO plugin v19.4 - https:\/\/yoast.com\/wordpress\/plugins\/seo\/ -->\r\n<title>&quot; Juiz de Paz: Celebrando uma Hist\u00f3ria de Resolu\u00e7\u00e3o e Justi\u00e7a&quot;<\/title>\r\n<meta name=\"description\" content=\"No Dia do Juiz de Paz, conhe\u00e7a a hist\u00f3ria e a import\u00e2ncia desse magistrado que atua na concilia\u00e7\u00e3o e na celebra\u00e7\u00e3o de casamentos civis.\" \/>\r\n<meta name=\"robots\" content=\"index, follow, max-snippet:-1, max-image-preview:large, max-video-preview:-1\" \/>\r\n<link rel=\"canonical\" href=\"https:\/\/acsiv.com.br\/blog\/2024\/10\/15\/dia-do-juiz-de-paz-celebrando-uma-historia-de-resolucao-e-justica\/\" \/>\r\n<meta property=\"og:locale\" content=\"pt_BR\" \/>\r\n<meta property=\"og:type\" content=\"article\" \/>\r\n<meta property=\"og:title\" content=\"&quot; Juiz de Paz: Celebrando uma Hist\u00f3ria de Resolu\u00e7\u00e3o e Justi\u00e7a&quot;\" \/>\r\n<meta property=\"og:description\" content=\"No Dia do Juiz de Paz, conhe\u00e7a a hist\u00f3ria e a import\u00e2ncia desse magistrado que atua na concilia\u00e7\u00e3o e na celebra\u00e7\u00e3o de casamentos civis.\" \/>\r\n<meta property=\"og:url\" content=\"https:\/\/acsiv.com.br\/blog\/2024\/10\/15\/dia-do-juiz-de-paz-celebrando-uma-historia-de-resolucao-e-justica\/\" \/>\r\n<meta property=\"og:site_name\" content=\"Blog da Acsiv\" \/>\r\n<meta property=\"article:publisher\" content=\"https:\/\/www.facebook.com\/acsiv\" \/>\r\n<meta property=\"article:published_time\" content=\"2024-10-15T19:03:48+00:00\" \/>\r\n<meta property=\"article:modified_time\" content=\"2024-10-15T19:13:18+00:00\" \/>\r\n<meta property=\"og:image\" content=\"https:\/\/acsiv.com.br\/blog\/wp-content\/uploads\/2024\/10\/blog.png\" \/>\r\n\t<meta property=\"og:image:width\" content=\"600\" \/>\r\n\t<meta property=\"og:image:height\" content=\"715\" \/>\r\n\t<meta property=\"og:image:type\" content=\"image\/png\" \/>\r\n<meta name=\"author\" content=\"Eduardo Rodrigues\" \/>\r\n<meta name=\"twitter:card\" content=\"summary_large_image\" \/>\r\n<meta name=\"twitter:creator\" content=\"@acsiv\" \/>\r\n<meta name=\"twitter:site\" content=\"@acsiv\" \/>\r\n<meta name=\"twitter:label1\" content=\"Escrito por\" \/>\n\t<meta name=\"twitter:data1\" content=\"Eduardo Rodrigues\" \/>\n\t<meta name=\"twitter:label2\" content=\"Est. tempo de leitura\" \/>\n\t<meta name=\"twitter:data2\" content=\"2 minutos\" \/>\r\n<script type=\"application\/ld+json\" class=\"yoast-schema-graph\">{\"@context\":\"https:\/\/schema.org\",\"@graph\":[{\"@type\":\"Organization\",\"@id\":\"https:\/\/acsiv.com.br\/blog\/#organization\",\"name\":\"Acsiv Sistema\",\"url\":\"https:\/\/acsiv.com.br\/blog\/\",\"sameAs\":[\"https:\/\/instagram.com\/acsivsistemas\",\"https:\/\/pt.linkedin.com\/company\/acsiv\",\"https:\/\/www.facebook.com\/acsiv\",\"https:\/\/twitter.com\/acsiv\"],\"logo\":{\"@type\":\"ImageObject\",\"inLanguage\":\"pt-BR\",\"@id\":\"https:\/\/acsiv.com.br\/blog\/#\/schema\/logo\/image\/\",\"url\":\"https:\/\/acsiv.com.br\/blog\/wp-content\/uploads\/2020\/10\/Acsiv_logotipo.png\",\"contentUrl\":\"https:\/\/acsiv.com.br\/blog\/wp-content\/uploads\/2020\/10\/Acsiv_logotipo.png\",\"width\":1564,\"height\":668,\"caption\":\"Acsiv Sistema\"},\"image\":{\"@id\":\"https:\/\/acsiv.com.br\/blog\/#\/schema\/logo\/image\/\"}},{\"@type\":\"WebSite\",\"@id\":\"https:\/\/acsiv.com.br\/blog\/#website\",\"url\":\"https:\/\/acsiv.com.br\/blog\/\",\"name\":\"Blog da Acsiv\",\"description\":\"Conte\u00fado digital para cart\u00f3rios\",\"publisher\":{\"@id\":\"https:\/\/acsiv.com.br\/blog\/#organization\"},\"potentialAction\":[{\"@type\":\"SearchAction\",\"target\":{\"@type\":\"EntryPoint\",\"urlTemplate\":\"https:\/\/acsiv.com.br\/blog\/?s={search_term_string}\"},\"query-input\":\"required name=search_term_string\"}],\"inLanguage\":\"pt-BR\"},{\"@type\":\"WebPage\",\"@id\":\"https:\/\/acsiv.com.br\/blog\/2024\/10\/15\/dia-do-juiz-de-paz-celebrando-uma-historia-de-resolucao-e-justica\/\",\"url\":\"https:\/\/acsiv.com.br\/blog\/2024\/10\/15\/dia-do-juiz-de-paz-celebrando-uma-historia-de-resolucao-e-justica\/\",\"name\":\"\\\" Juiz de Paz: Celebrando uma Hist\u00f3ria de Resolu\u00e7\u00e3o e Justi\u00e7a\\\"\",\"isPartOf\":{\"@id\":\"https:\/\/acsiv.com.br\/blog\/#website\"},\"datePublished\":\"2024-10-15T19:03:48+00:00\",\"dateModified\":\"2024-10-15T19:13:18+00:00\",\"description\":\"No Dia do Juiz de Paz, conhe\u00e7a a hist\u00f3ria e a import\u00e2ncia desse magistrado que atua na concilia\u00e7\u00e3o e na celebra\u00e7\u00e3o de casamentos civis.\",\"breadcrumb\":{\"@id\":\"https:\/\/acsiv.com.br\/blog\/2024\/10\/15\/dia-do-juiz-de-paz-celebrando-uma-historia-de-resolucao-e-justica\/#breadcrumb\"},\"inLanguage\":\"pt-BR\",\"potentialAction\":[{\"@type\":\"ReadAction\",\"target\":[\"https:\/\/acsiv.com.br\/blog\/2024\/10\/15\/dia-do-juiz-de-paz-celebrando-uma-historia-de-resolucao-e-justica\/\"]}]},{\"@type\":\"BreadcrumbList\",\"@id\":\"https:\/\/acsiv.com.br\/blog\/2024\/10\/15\/dia-do-juiz-de-paz-celebrando-uma-historia-de-resolucao-e-justica\/#breadcrumb\",\"itemListElement\":[{\"@type\":\"ListItem\",\"position\":1,\"name\":\"In\u00edcio\",\"item\":\"https:\/\/acsiv.com.br\/blog\/\"},{\"@type\":\"ListItem\",\"position\":2,\"name\":\"Dia do Juiz de Paz: Celebrando uma Hist\u00f3ria de Resolu\u00e7\u00e3o e Justi\u00e7a\"}]},{\"@type\":\"Article\",\"@id\":\"https:\/\/acsiv.com.br\/blog\/2024\/10\/15\/dia-do-juiz-de-paz-celebrando-uma-historia-de-resolucao-e-justica\/#article\",\"isPartOf\":{\"@id\":\"https:\/\/acsiv.com.br\/blog\/2024\/10\/15\/dia-do-juiz-de-paz-celebrando-uma-historia-de-resolucao-e-justica\/\"},\"author\":{\"name\":\"Eduardo Rodrigues\",\"@id\":\"https:\/\/acsiv.com.br\/blog\/#\/schema\/person\/54fd566d0efeb6dc731df7e4e38ce156\"},\"headline\":\"Dia do Juiz de Paz: Celebrando uma Hist\u00f3ria de Resolu\u00e7\u00e3o e Justi\u00e7a\",\"datePublished\":\"2024-10-15T19:03:48+00:00\",\"dateModified\":\"2024-10-15T19:13:18+00:00\",\"mainEntityOfPage\":{\"@id\":\"https:\/\/acsiv.com.br\/blog\/2024\/10\/15\/dia-do-juiz-de-paz-celebrando-uma-historia-de-resolucao-e-justica\/\"},\"wordCount\":476,\"publisher\":{\"@id\":\"https:\/\/acsiv.com.br\/blog\/#organization\"},\"keywords\":[\"#casamentocivil\",\"#concilia\u00e7\u00e3ojudicial\",\"#diadojuizdepaz\",\"#hist\u00f3riadojuizdepaz\",\"#juizdepaz\",\"#justi\u00e7acomunit\u00e1ria\",\"#resolucaodeconflitos\"],\"articleSection\":[\"Registro Civil\"],\"inLanguage\":\"pt-BR\"},{\"@type\":\"Person\",\"@id\":\"https:\/\/acsiv.com.br\/blog\/#\/schema\/person\/54fd566d0efeb6dc731df7e4e38ce156\",\"name\":\"Eduardo Rodrigues\",\"image\":{\"@type\":\"ImageObject\",\"inLanguage\":\"pt-BR\",\"@id\":\"https:\/\/acsiv.com.br\/blog\/#\/schema\/person\/image\/\",\"url\":\"https:\/\/secure.gravatar.com\/avatar\/fee13940cf1da650036b52bc338d5881?s=96&d=mm&r=g\",\"contentUrl\":\"https:\/\/secure.gravatar.com\/avatar\/fee13940cf1da650036b52bc338d5881?s=96&d=mm&r=g\",\"caption\":\"Eduardo Rodrigues\"}}]}<\/script>\r\n<!-- \/ Yoast SEO plugin. -->","yoast_head_json":{"title":"\" Juiz de Paz: Celebrando uma Hist\u00f3ria de Resolu\u00e7\u00e3o e Justi\u00e7a\"","description":"No Dia do Juiz de Paz, conhe\u00e7a a hist\u00f3ria e a import\u00e2ncia desse magistrado que atua na concilia\u00e7\u00e3o e na celebra\u00e7\u00e3o de casamentos civis.","robots":{"index":"index","follow":"follow","max-snippet":"max-snippet:-1","max-image-preview":"max-image-preview:large","max-video-preview":"max-video-preview:-1"},"canonical":"https:\/\/acsiv.com.br\/blog\/2024\/10\/15\/dia-do-juiz-de-paz-celebrando-uma-historia-de-resolucao-e-justica\/","og_locale":"pt_BR","og_type":"article","og_title":"\" Juiz de Paz: Celebrando uma Hist\u00f3ria de Resolu\u00e7\u00e3o e Justi\u00e7a\"","og_description":"No Dia do Juiz de Paz, conhe\u00e7a a hist\u00f3ria e a import\u00e2ncia desse magistrado que atua na concilia\u00e7\u00e3o e na celebra\u00e7\u00e3o de casamentos civis.","og_url":"https:\/\/acsiv.com.br\/blog\/2024\/10\/15\/dia-do-juiz-de-paz-celebrando-uma-historia-de-resolucao-e-justica\/","og_site_name":"Blog da Acsiv","article_publisher":"https:\/\/www.facebook.com\/acsiv","article_published_time":"2024-10-15T19:03:48+00:00","article_modified_time":"2024-10-15T19:13:18+00:00","og_image":[{"width":600,"height":715,"url":"https:\/\/acsiv.com.br\/blog\/wp-content\/uploads\/2024\/10\/blog.png","type":"image\/png"}],"author":"Eduardo Rodrigues","twitter_card":"summary_large_image","twitter_creator":"@acsiv","twitter_site":"@acsiv","twitter_misc":{"Escrito por":"Eduardo Rodrigues","Est. tempo de leitura":"2 minutos"},"schema":{"@context":"https:\/\/schema.org","@graph":[{"@type":"Organization","@id":"https:\/\/acsiv.com.br\/blog\/#organization","name":"Acsiv Sistema","url":"https:\/\/acsiv.com.br\/blog\/","sameAs":["https:\/\/instagram.com\/acsivsistemas","https:\/\/pt.linkedin.com\/company\/acsiv","https:\/\/www.facebook.com\/acsiv","https:\/\/twitter.com\/acsiv"],"logo":{"@type":"ImageObject","inLanguage":"pt-BR","@id":"https:\/\/acsiv.com.br\/blog\/#\/schema\/logo\/image\/","url":"https:\/\/acsiv.com.br\/blog\/wp-content\/uploads\/2020\/10\/Acsiv_logotipo.png","contentUrl":"https:\/\/acsiv.com.br\/blog\/wp-content\/uploads\/2020\/10\/Acsiv_logotipo.png","width":1564,"height":668,"caption":"Acsiv Sistema"},"image":{"@id":"https:\/\/acsiv.com.br\/blog\/#\/schema\/logo\/image\/"}},{"@type":"WebSite","@id":"https:\/\/acsiv.com.br\/blog\/#website","url":"https:\/\/acsiv.com.br\/blog\/","name":"Blog da Acsiv","description":"Conte\u00fado digital para cart\u00f3rios","publisher":{"@id":"https:\/\/acsiv.com.br\/blog\/#organization"},"potentialAction":[{"@type":"SearchAction","target":{"@type":"EntryPoint","urlTemplate":"https:\/\/acsiv.com.br\/blog\/?s={search_term_string}"},"query-input":"required name=search_term_string"}],"inLanguage":"pt-BR"},{"@type":"WebPage","@id":"https:\/\/acsiv.com.br\/blog\/2024\/10\/15\/dia-do-juiz-de-paz-celebrando-uma-historia-de-resolucao-e-justica\/","url":"https:\/\/acsiv.com.br\/blog\/2024\/10\/15\/dia-do-juiz-de-paz-celebrando-uma-historia-de-resolucao-e-justica\/","name":"\" Juiz de Paz: Celebrando uma Hist\u00f3ria de Resolu\u00e7\u00e3o e Justi\u00e7a\"","isPartOf":{"@id":"https:\/\/acsiv.com.br\/blog\/#website"},"datePublished":"2024-10-15T19:03:48+00:00","dateModified":"2024-10-15T19:13:18+00:00","description":"No Dia do Juiz de Paz, conhe\u00e7a a hist\u00f3ria e a import\u00e2ncia desse magistrado que atua na concilia\u00e7\u00e3o e na celebra\u00e7\u00e3o de casamentos civis.","breadcrumb":{"@id":"https:\/\/acsiv.com.br\/blog\/2024\/10\/15\/dia-do-juiz-de-paz-celebrando-uma-historia-de-resolucao-e-justica\/#breadcrumb"},"inLanguage":"pt-BR","potentialAction":[{"@type":"ReadAction","target":["https:\/\/acsiv.com.br\/blog\/2024\/10\/15\/dia-do-juiz-de-paz-celebrando-uma-historia-de-resolucao-e-justica\/"]}]},{"@type":"BreadcrumbList","@id":"https:\/\/acsiv.com.br\/blog\/2024\/10\/15\/dia-do-juiz-de-paz-celebrando-uma-historia-de-resolucao-e-justica\/#breadcrumb","itemListElement":[{"@type":"ListItem","position":1,"name":"In\u00edcio","item":"https:\/\/acsiv.com.br\/blog\/"},{"@type":"ListItem","position":2,"name":"Dia do Juiz de Paz: Celebrando uma Hist\u00f3ria de Resolu\u00e7\u00e3o e Justi\u00e7a"}]},{"@type":"Article","@id":"https:\/\/acsiv.com.br\/blog\/2024\/10\/15\/dia-do-juiz-de-paz-celebrando-uma-historia-de-resolucao-e-justica\/#article","isPartOf":{"@id":"https:\/\/acsiv.com.br\/blog\/2024\/10\/15\/dia-do-juiz-de-paz-celebrando-uma-historia-de-resolucao-e-justica\/"},"author":{"name":"Eduardo Rodrigues","@id":"https:\/\/acsiv.com.br\/blog\/#\/schema\/person\/54fd566d0efeb6dc731df7e4e38ce156"},"headline":"Dia do Juiz de Paz: Celebrando uma Hist\u00f3ria de Resolu\u00e7\u00e3o e Justi\u00e7a","datePublished":"2024-10-15T19:03:48+00:00","dateModified":"2024-10-15T19:13:18+00:00","mainEntityOfPage":{"@id":"https:\/\/acsiv.com.br\/blog\/2024\/10\/15\/dia-do-juiz-de-paz-celebrando-uma-historia-de-resolucao-e-justica\/"},"wordCount":476,"publisher":{"@id":"https:\/\/acsiv.com.br\/blog\/#organization"},"keywords":["#casamentocivil","#concilia\u00e7\u00e3ojudicial","#diadojuizdepaz","#hist\u00f3riadojuizdepaz","#juizdepaz","#justi\u00e7acomunit\u00e1ria","#resolucaodeconflitos"],"articleSection":["Registro Civil"],"inLanguage":"pt-BR"},{"@type":"Person","@id":"https:\/\/acsiv.com.br\/blog\/#\/schema\/person\/54fd566d0efeb6dc731df7e4e38ce156","name":"Eduardo Rodrigues","image":{"@type":"ImageObject","inLanguage":"pt-BR","@id":"https:\/\/acsiv.com.br\/blog\/#\/schema\/person\/image\/","url":"https:\/\/secure.gravatar.com\/avatar\/fee13940cf1da650036b52bc338d5881?s=96&d=mm&r=g","contentUrl":"https:\/\/secure.gravatar.com\/avatar\/fee13940cf1da650036b52bc338d5881?s=96&d=mm&r=g","caption":"Eduardo Rodrigues"}}]}},"_links":{"self":[{"href":"https:\/\/acsiv.com.br\/blog\/wp-json\/wp\/v2\/posts\/1057"}],"collection":[{"href":"https:\/\/acsiv.com.br\/blog\/wp-json\/wp\/v2\/posts"}],"about":[{"href":"https:\/\/acsiv.com.br\/blog\/wp-json\/wp\/v2\/types\/post"}],"author":[{"embeddable":true,"href":"https:\/\/acsiv.com.br\/blog\/wp-json\/wp\/v2\/users\/2"}],"replies":[{"embeddable":true,"href":"https:\/\/acsiv.com.br\/blog\/wp-json\/wp\/v2\/comments?post=1057"}],"version-history":[{"count":1,"href":"https:\/\/acsiv.com.br\/blog\/wp-json\/wp\/v2\/posts\/1057\/revisions"}],"predecessor-version":[{"id":1059,"href":"https:\/\/acsiv.com.br\/blog\/wp-json\/wp\/v2\/posts\/1057\/revisions\/1059"}],"wp:featuredmedia":[{"embeddable":true,"href":"https:\/\/acsiv.com.br\/blog\/wp-json\/wp\/v2\/media\/1063"}],"wp:attachment":[{"href":"https:\/\/acsiv.com.br\/blog\/wp-json\/wp\/v2\/media?parent=1057"}],"wp:term":[{"taxonomy":"category","embeddable":true,"href":"https:\/\/acsiv.com.br\/blog\/wp-json\/wp\/v2\/categories?post=1057"},{"taxonomy":"post_tag","embeddable":true,"href":"https:\/\/acsiv.com.br\/blog\/wp-json\/wp\/v2\/tags?post=1057"}],"curies":[{"name":"wp","href":"https:\/\/api.w.org\/{rel}","templated":true}]}}