{"id":1050,"date":"2024-10-08T17:39:26","date_gmt":"2024-10-08T20:39:26","guid":{"rendered":"https:\/\/acsiv.com.br\/blog\/?p=1050"},"modified":"2024-10-08T18:15:41","modified_gmt":"2024-10-08T21:15:41","slug":"o-impacto-do-cancer-de-mama-na-vida-profissional-das-mulheres","status":"publish","type":"post","link":"https:\/\/acsiv.com.br\/blog\/2024\/10\/08\/o-impacto-do-cancer-de-mama-na-vida-profissional-das-mulheres\/","title":{"rendered":"O Impacto do C\u00e2ncer de Mama na Vida Profissional das Mulheres"},"content":{"rendered":"\n<p><\/p>\n\n\n\n<p><a href=\"https:\/\/acsiv.com.br\/blog\/2023\/10\/10\/outubro-rosa-nos-cartorios-conscientizacao-e-cuidado-na-luta-contra-o-cancer-de-mama\/\" target=\"_blank\" rel=\"noreferrer noopener\">No artigo do Outubro Rosa de 2023<\/a>, discutimos as origens da campanha e oferecemos dicas para conscientiza\u00e7\u00e3o nos cart\u00f3rios. Este ano, vamos abordar um tema crucial: o impacto que o c\u00e2ncer de mama causa na vida profissional das mulheres. Esse assunto \u00e9 especialmente relevante para titulares, oficiais e substitutos de cart\u00f3rio, que podem desempenhar um papel importante na implementa\u00e7\u00e3o de pol\u00edticas de apoio a essas profissionais.<\/p>\n\n\n\n<p class=\"has-normal-font-size\"><strong>Desafios Enfrentados Durante o Tratamento<\/strong><\/p>\n\n\n\n<p>O c\u00e2ncer de mama n\u00e3o s\u00f3 afeta profundamente a sa\u00fade f\u00edsica e emocional das mulheres, como tamb\u00e9m imp\u00f5e desafios consider\u00e1veis \u00e0 vida profissional. Os tratamentos, como quimioterapia, radioterapia e cirurgias, costumam ser longos e exigir afastamentos frequentes, interrompendo a rotina de trabalho. Esses per\u00edodos de aus\u00eancia, aliados ao desgaste f\u00edsico e psicol\u00f3gico, criam barreiras significativas para a continuidade das atividades profissionais, dificultando o equil\u00edbrio entre tratamento e carreira.<\/p>\n\n\n\n<p><strong>Afastamento e Preju\u00edzo Financeiro<\/strong><\/p>\n\n\n\n<p>A licen\u00e7a m\u00e9dica pode n\u00e3o cobrir todo o tempo necess\u00e1rio para a recupera\u00e7\u00e3o, gerando inseguran\u00e7a financeira. Muitas pacientes enfrentam dificuldades para acessar benef\u00edcios, como o aux\u00edlio-doen\u00e7a. Em alguns ambientes, o receio de perder o emprego ou sofrer preconceito ao retornar ao trabalho agrava o impacto emocional.<\/p>\n\n\n\n<p><strong>Diminui\u00e7\u00e3o da Produtividade<\/strong><\/p>\n\n\n\n<p>Os efeitos colaterais do tratamento, como fadiga e n\u00e1usea, comprometem a produtividade das mulheres. Mesmo ap\u00f3s o tratamento, a recupera\u00e7\u00e3o pode ser lenta, dificultando o retorno \u00e0 carga de trabalho normal.<\/p>\n\n\n\n<p class=\"has-normal-font-size\"><strong>A Import\u00e2ncia de Pol\u00edticas de Apoio no Ambiente Profissional<\/strong><\/p>\n\n\n\n<p>Nesse contexto, os titulares, oficiais e substitutos de cart\u00f3rio podem fazer uma diferen\u00e7a significativa ao implementar pol\u00edticas de apoio para funcion\u00e1rias que enfrentam o c\u00e2ncer de mama. Ambientes de trabalho acolhedores e flex\u00edveis n\u00e3o apenas ajudam na recupera\u00e7\u00e3o das pacientes, mas tamb\u00e9m promovem um clima organizacional positivo.<\/p>\n\n\n\n<p><strong>Ado\u00e7\u00e3o de Jornadas Flex\u00edveis<\/strong><\/p>\n\n\n\n<p>Uma das principais medidas que podem ser adotadas \u00e9 a implementa\u00e7\u00e3o de <strong>jornadas de trabalho flex\u00edveis<\/strong>. Essa flexibilidade pode ser oferecida tanto durante o tratamento quanto na fase de retorno, permitindo que a funcion\u00e1ria ajuste seu hor\u00e1rio conforme as consultas e os dias em que os efeitos do tratamento s\u00e3o mais severos.<\/p>\n\n\n\n<p><strong>Programas de Reabilita\u00e7\u00e3o Gradativa<\/strong><\/p>\n\n\n\n<p>Cart\u00f3rios que adotam programas de <strong>reabilita\u00e7\u00e3o profissional gradativa<\/strong> conseguem oferecer \u00e0s mulheres a chance de retornarem ao trabalho de maneira mais suave, sem o estresse de uma reintegra\u00e7\u00e3o abrupta. Isso pode incluir carga hor\u00e1ria reduzida, atividades adaptadas ou a transi\u00e7\u00e3o gradual para suas responsabilidades anteriores.<\/p>\n\n\n\n<p><strong>Acompanhamento Psicol\u00f3gico<\/strong><\/p>\n\n\n\n<p>O suporte emocional tamb\u00e9m \u00e9 crucial. Muitas vezes, o c\u00e2ncer de mama afeta profundamente a autoestima e o bem-estar emocional das pacientes. A cria\u00e7\u00e3o de programas de <strong>acompanhamento psicol\u00f3gico<\/strong> ou parcerias com cl\u00ednicas especializadas pode fornecer a elas o suporte necess\u00e1rio para enfrentar o impacto do tratamento.<\/p>\n\n\n\n<p><strong>Pol\u00edtica de Licen\u00e7a M\u00e9dica Prolongada<\/strong><\/p>\n\n\n\n<p>Al\u00e9m das op\u00e7\u00f5es j\u00e1 mencionadas, \u00e9 essencial que cart\u00f3rios considerem <strong><a href=\"https:\/\/genyo.com.br\/licenca-medica\/\" target=\"_blank\" rel=\"noreferrer noopener\">pol\u00edticas de licen\u00e7a m\u00e9dica prolongada<\/a><\/strong>, indo al\u00e9m do m\u00ednimo estipulado pela lei, para que as mulheres tenham tempo suficiente para a recupera\u00e7\u00e3o sem a press\u00e3o de voltar antes de estarem completamente aptas.<\/p>\n\n\n\n<p><strong>Conscientiza\u00e7\u00e3o e Apoio no Ambiente de Trabalho<\/strong><\/p>\n\n\n\n<p>Outra a\u00e7\u00e3o relevante \u00e9 a conscientiza\u00e7\u00e3o dos colegas de trabalho sobre o impacto do c\u00e2ncer de mama. Organizar <strong>palestras e campanhas de conscientiza\u00e7\u00e3o<\/strong> durante o Outubro Rosa pode ajudar a criar um ambiente mais emp\u00e1tico e informativo, diminuindo preconceitos e promovendo o respeito \u00e0s necessidades espec\u00edficas das mulheres em tratamento.<\/p>\n\n\n\n<p>Al\u00e9m disso, como discutimos no artigo do <a href=\"https:\/\/www.youtube.com\/watch?v=tVQzyNKoNhY\" target=\"_blank\" rel=\"noreferrer noopener\">Outubro Rosa <\/a>de 2023, <strong>os cart\u00f3rios podem ser agentes ativos na conscientiza\u00e7\u00e3o da sociedade<\/strong>. Isso inclui n\u00e3o apenas a\u00e7\u00f5es internas, mas tamb\u00e9m o apoio a campanhas que envolvam a comunidade e promovam a detec\u00e7\u00e3o precoce e os direitos das pacientes.<\/p>\n\n\n\n<h4 class=\"wp-block-heading\"><strong>Dados Reais e Relevantes<\/strong><\/h4>\n\n\n\n<p>De acordo com dados do <strong>INCA (Instituto Nacional de C\u00e2ncer)<\/strong>, cerca de 66 mil novos casos de c\u00e2ncer de mama s\u00e3o diagnosticados anualmente no Brasil. Desse total, uma porcentagem significativa ocorre em mulheres que est\u00e3o em idade ativa, o que refor\u00e7a a import\u00e2ncia de criar pol\u00edticas que permitam que essas profissionais continuem suas carreiras de forma digna e justa.<\/p>\n\n\n\n<p>Uma pesquisa da <strong>Funda\u00e7\u00e3o Get\u00falio Vargas (FGV)<\/strong> revela que cerca de 25% das mulheres que passam por tratamentos de longa dura\u00e7\u00e3o, como o c\u00e2ncer de mama, n\u00e3o conseguem retornar ao mercado de trabalho na mesma posi\u00e7\u00e3o ou enfrentam dificuldades para se reintegrar. Esse dado refor\u00e7a a necessidade de a\u00e7\u00f5es assertivas para garantir que as mulheres tenham o suporte necess\u00e1rio para sua recupera\u00e7\u00e3o profissional.<\/p>\n\n\n\n<h2 class=\"wp-block-heading\"><strong>Conclus\u00e3o<\/strong><\/h2>\n\n\n\n<p>A luta contra o c\u00e2ncer de mama vai al\u00e9m da sa\u00fade f\u00edsica. Para as mulheres que precisam lidar com a doen\u00e7a, o apoio no ambiente de trabalho pode fazer toda a diferen\u00e7a. Como titulares, oficiais e substitutos de cart\u00f3rio, voc\u00eas t\u00eam o poder de criar um ambiente de acolhimento e flexibilidade, ajudando essas mulheres a enfrentarem o desafio do c\u00e2ncer de forma mais tranquila e com maior seguran\u00e7a.<\/p>\n\n\n\n<p>Assim como <a href=\"https:\/\/acsiv.com.br\/blog\/2023\/10\/10\/outubro-rosa-nos-cartorios-conscientizacao-e-cuidado-na-luta-contra-o-cancer-de-mama\/\" target=\"_blank\" rel=\"noreferrer noopener\">no artigo de 2023<\/a>, quando falamos sobre a import\u00e2ncia da conscientiza\u00e7\u00e3o nos cart\u00f3rios, este ano refor\u00e7amos que os cart\u00f3rios tamb\u00e9m t\u00eam um papel essencial no apoio \u00e0s mulheres em suas jornadas profissionais. Este Outubro Rosa, vamos al\u00e9m da conscientiza\u00e7\u00e3o: vamos agir em prol de pol\u00edticas que realmente fa\u00e7am a diferen\u00e7a.<\/p>\n\n\n\n<p class=\"has-text-align-right\"><em>Escrito por: Isabella Flores<\/em><\/p>\n","protected":false},"excerpt":{"rendered":"<p>O impacto do c\u00e2ncer de mama na vida profissional das mulheres \u00e9 significativo, especialmente devido aos tratamentos longos e debilitantes, como quimioterapia e cirurgias, que exigem afastamentos e afetam a produtividade. No contexto dos cart\u00f3rios, titulares, oficiais e substitutos podem desempenhar um papel essencial ao implementar pol\u00edticas de apoio. Neste artigo voc\u00ea poder\u00e1 ver algumas medidas s\u00e3o cruciais para garantir que as mulheres em tratamento tenham suporte e dignidade no exerc\u00edcio de suas carreiras, enfrentando menos obst\u00e1culos durante a recupera\u00e7\u00e3o. <\/p>\n","protected":false},"author":2,"featured_media":1051,"comment_status":"closed","ping_status":"open","sticky":false,"template":"","format":"standard","meta":[],"categories":[15,23],"tags":[682,680,674,675,684,416,685,686,683,677,681,673,676,679],"yoast_head":"<!-- This site is optimized with the Yoast SEO plugin v19.4 - https:\/\/yoast.com\/wordpress\/plugins\/seo\/ -->\r\n<title>O Impacto do C\u00e2ncer de Mama na Vida Profissional das Mulheres\ufeff<\/title>\r\n<meta name=\"description\" content=\"Para as mulheres que precisam lidar com a doen\u00e7a, o apoio no ambiente de trabalho pode fazer toda a diferen\u00e7a.\" \/>\r\n<meta name=\"robots\" content=\"index, follow, max-snippet:-1, max-image-preview:large, max-video-preview:-1\" \/>\r\n<link rel=\"canonical\" href=\"https:\/\/acsiv.com.br\/blog\/2024\/10\/08\/o-impacto-do-cancer-de-mama-na-vida-profissional-das-mulheres\/\" \/>\r\n<meta property=\"og:locale\" content=\"pt_BR\" \/>\r\n<meta property=\"og:type\" content=\"article\" \/>\r\n<meta property=\"og:title\" content=\"O Impacto do C\u00e2ncer de Mama na Vida Profissional das Mulheres\ufeff\" \/>\r\n<meta property=\"og:description\" content=\"Para as mulheres que precisam lidar com a doen\u00e7a, o apoio no ambiente de trabalho pode fazer toda a diferen\u00e7a.\" \/>\r\n<meta property=\"og:url\" content=\"https:\/\/acsiv.com.br\/blog\/2024\/10\/08\/o-impacto-do-cancer-de-mama-na-vida-profissional-das-mulheres\/\" \/>\r\n<meta property=\"og:site_name\" content=\"Blog da Acsiv\" \/>\r\n<meta property=\"article:publisher\" content=\"https:\/\/www.facebook.com\/acsiv\" \/>\r\n<meta property=\"article:published_time\" content=\"2024-10-08T20:39:26+00:00\" \/>\r\n<meta property=\"article:modified_time\" content=\"2024-10-08T21:15:41+00:00\" \/>\r\n<meta property=\"og:image\" content=\"https:\/\/acsiv.com.br\/blog\/wp-content\/uploads\/2024\/10\/e7402966-e628-41e6-8c20-a71ea1426d2a.webp\" \/>\r\n\t<meta property=\"og:image:width\" content=\"1024\" \/>\r\n\t<meta property=\"og:image:height\" content=\"1024\" \/>\r\n\t<meta property=\"og:image:type\" content=\"image\/webp\" \/>\r\n<meta name=\"author\" content=\"Eduardo Rodrigues\" \/>\r\n<meta name=\"twitter:card\" content=\"summary_large_image\" \/>\r\n<meta name=\"twitter:creator\" content=\"@acsiv\" \/>\r\n<meta name=\"twitter:site\" content=\"@acsiv\" \/>\r\n<meta name=\"twitter:label1\" content=\"Escrito por\" \/>\n\t<meta name=\"twitter:data1\" content=\"Eduardo Rodrigues\" \/>\n\t<meta name=\"twitter:label2\" content=\"Est. tempo de leitura\" \/>\n\t<meta name=\"twitter:data2\" content=\"5 minutos\" \/>\r\n<script type=\"application\/ld+json\" class=\"yoast-schema-graph\">{\"@context\":\"https:\/\/schema.org\",\"@graph\":[{\"@type\":\"Organization\",\"@id\":\"https:\/\/acsiv.com.br\/blog\/#organization\",\"name\":\"Acsiv Sistema\",\"url\":\"https:\/\/acsiv.com.br\/blog\/\",\"sameAs\":[\"https:\/\/instagram.com\/acsivsistemas\",\"https:\/\/pt.linkedin.com\/company\/acsiv\",\"https:\/\/www.facebook.com\/acsiv\",\"https:\/\/twitter.com\/acsiv\"],\"logo\":{\"@type\":\"ImageObject\",\"inLanguage\":\"pt-BR\",\"@id\":\"https:\/\/acsiv.com.br\/blog\/#\/schema\/logo\/image\/\",\"url\":\"https:\/\/acsiv.com.br\/blog\/wp-content\/uploads\/2020\/10\/Acsiv_logotipo.png\",\"contentUrl\":\"https:\/\/acsiv.com.br\/blog\/wp-content\/uploads\/2020\/10\/Acsiv_logotipo.png\",\"width\":1564,\"height\":668,\"caption\":\"Acsiv Sistema\"},\"image\":{\"@id\":\"https:\/\/acsiv.com.br\/blog\/#\/schema\/logo\/image\/\"}},{\"@type\":\"WebSite\",\"@id\":\"https:\/\/acsiv.com.br\/blog\/#website\",\"url\":\"https:\/\/acsiv.com.br\/blog\/\",\"name\":\"Blog da Acsiv\",\"description\":\"Conte\u00fado digital para cart\u00f3rios\",\"publisher\":{\"@id\":\"https:\/\/acsiv.com.br\/blog\/#organization\"},\"potentialAction\":[{\"@type\":\"SearchAction\",\"target\":{\"@type\":\"EntryPoint\",\"urlTemplate\":\"https:\/\/acsiv.com.br\/blog\/?s={search_term_string}\"},\"query-input\":\"required name=search_term_string\"}],\"inLanguage\":\"pt-BR\"},{\"@type\":\"WebPage\",\"@id\":\"https:\/\/acsiv.com.br\/blog\/2024\/10\/08\/o-impacto-do-cancer-de-mama-na-vida-profissional-das-mulheres\/\",\"url\":\"https:\/\/acsiv.com.br\/blog\/2024\/10\/08\/o-impacto-do-cancer-de-mama-na-vida-profissional-das-mulheres\/\",\"name\":\"O Impacto do C\u00e2ncer de Mama na Vida Profissional das Mulheres\ufeff\",\"isPartOf\":{\"@id\":\"https:\/\/acsiv.com.br\/blog\/#website\"},\"datePublished\":\"2024-10-08T20:39:26+00:00\",\"dateModified\":\"2024-10-08T21:15:41+00:00\",\"description\":\"Para as mulheres que precisam lidar com a doen\u00e7a, o apoio no ambiente de trabalho pode fazer toda a diferen\u00e7a.\",\"breadcrumb\":{\"@id\":\"https:\/\/acsiv.com.br\/blog\/2024\/10\/08\/o-impacto-do-cancer-de-mama-na-vida-profissional-das-mulheres\/#breadcrumb\"},\"inLanguage\":\"pt-BR\",\"potentialAction\":[{\"@type\":\"ReadAction\",\"target\":[\"https:\/\/acsiv.com.br\/blog\/2024\/10\/08\/o-impacto-do-cancer-de-mama-na-vida-profissional-das-mulheres\/\"]}]},{\"@type\":\"BreadcrumbList\",\"@id\":\"https:\/\/acsiv.com.br\/blog\/2024\/10\/08\/o-impacto-do-cancer-de-mama-na-vida-profissional-das-mulheres\/#breadcrumb\",\"itemListElement\":[{\"@type\":\"ListItem\",\"position\":1,\"name\":\"In\u00edcio\",\"item\":\"https:\/\/acsiv.com.br\/blog\/\"},{\"@type\":\"ListItem\",\"position\":2,\"name\":\"O Impacto do C\u00e2ncer de Mama na Vida Profissional das Mulheres\"}]},{\"@type\":\"Article\",\"@id\":\"https:\/\/acsiv.com.br\/blog\/2024\/10\/08\/o-impacto-do-cancer-de-mama-na-vida-profissional-das-mulheres\/#article\",\"isPartOf\":{\"@id\":\"https:\/\/acsiv.com.br\/blog\/2024\/10\/08\/o-impacto-do-cancer-de-mama-na-vida-profissional-das-mulheres\/\"},\"author\":{\"name\":\"Eduardo Rodrigues\",\"@id\":\"https:\/\/acsiv.com.br\/blog\/#\/schema\/person\/54fd566d0efeb6dc731df7e4e38ce156\"},\"headline\":\"O Impacto do C\u00e2ncer de Mama na Vida Profissional das Mulheres\",\"datePublished\":\"2024-10-08T20:39:26+00:00\",\"dateModified\":\"2024-10-08T21:15:41+00:00\",\"mainEntityOfPage\":{\"@id\":\"https:\/\/acsiv.com.br\/blog\/2024\/10\/08\/o-impacto-do-cancer-de-mama-na-vida-profissional-das-mulheres\/\"},\"wordCount\":994,\"publisher\":{\"@id\":\"https:\/\/acsiv.com.br\/blog\/#organization\"},\"keywords\":[\"#AcompanhamentoPsicol\u00f3gico\",\"#AmbienteDeTrabalho\",\"#ApoioNoTrabalho\",\"#C\u00e2ncerDeMama\",\"#Cart\u00f3riosSolid\u00e1rios\",\"#conscientiza\u00e7\u00e3o\",\"#Detec\u00e7\u00e3oPrecoce\",\"#DireitosDasPacientes\",\"#EmpoderamentoFeminino\",\"#JornadaFlex\u00edvel\",\"#Licen\u00e7aM\u00e9dica\",\"#OutubroRosa2024\",\"#Pol\u00edticasDeApoio\",\"#Sa\u00fadeDaMulher\"],\"articleSection\":[\"Cart\u00f3rios\",\"Dicas\"],\"inLanguage\":\"pt-BR\"},{\"@type\":\"Person\",\"@id\":\"https:\/\/acsiv.com.br\/blog\/#\/schema\/person\/54fd566d0efeb6dc731df7e4e38ce156\",\"name\":\"Eduardo Rodrigues\",\"image\":{\"@type\":\"ImageObject\",\"inLanguage\":\"pt-BR\",\"@id\":\"https:\/\/acsiv.com.br\/blog\/#\/schema\/person\/image\/\",\"url\":\"https:\/\/secure.gravatar.com\/avatar\/fee13940cf1da650036b52bc338d5881?s=96&d=mm&r=g\",\"contentUrl\":\"https:\/\/secure.gravatar.com\/avatar\/fee13940cf1da650036b52bc338d5881?s=96&d=mm&r=g\",\"caption\":\"Eduardo Rodrigues\"}}]}<\/script>\r\n<!-- \/ Yoast SEO plugin. -->","yoast_head_json":{"title":"O Impacto do C\u00e2ncer de Mama na Vida Profissional das Mulheres\ufeff","description":"Para as mulheres que precisam lidar com a doen\u00e7a, o apoio no ambiente de trabalho pode fazer toda a diferen\u00e7a.","robots":{"index":"index","follow":"follow","max-snippet":"max-snippet:-1","max-image-preview":"max-image-preview:large","max-video-preview":"max-video-preview:-1"},"canonical":"https:\/\/acsiv.com.br\/blog\/2024\/10\/08\/o-impacto-do-cancer-de-mama-na-vida-profissional-das-mulheres\/","og_locale":"pt_BR","og_type":"article","og_title":"O Impacto do C\u00e2ncer de Mama na Vida Profissional das Mulheres\ufeff","og_description":"Para as mulheres que precisam lidar com a doen\u00e7a, o apoio no ambiente de trabalho pode fazer toda a diferen\u00e7a.","og_url":"https:\/\/acsiv.com.br\/blog\/2024\/10\/08\/o-impacto-do-cancer-de-mama-na-vida-profissional-das-mulheres\/","og_site_name":"Blog da Acsiv","article_publisher":"https:\/\/www.facebook.com\/acsiv","article_published_time":"2024-10-08T20:39:26+00:00","article_modified_time":"2024-10-08T21:15:41+00:00","og_image":[{"width":1024,"height":1024,"url":"https:\/\/acsiv.com.br\/blog\/wp-content\/uploads\/2024\/10\/e7402966-e628-41e6-8c20-a71ea1426d2a.webp","type":"image\/webp"}],"author":"Eduardo Rodrigues","twitter_card":"summary_large_image","twitter_creator":"@acsiv","twitter_site":"@acsiv","twitter_misc":{"Escrito por":"Eduardo Rodrigues","Est. tempo de leitura":"5 minutos"},"schema":{"@context":"https:\/\/schema.org","@graph":[{"@type":"Organization","@id":"https:\/\/acsiv.com.br\/blog\/#organization","name":"Acsiv Sistema","url":"https:\/\/acsiv.com.br\/blog\/","sameAs":["https:\/\/instagram.com\/acsivsistemas","https:\/\/pt.linkedin.com\/company\/acsiv","https:\/\/www.facebook.com\/acsiv","https:\/\/twitter.com\/acsiv"],"logo":{"@type":"ImageObject","inLanguage":"pt-BR","@id":"https:\/\/acsiv.com.br\/blog\/#\/schema\/logo\/image\/","url":"https:\/\/acsiv.com.br\/blog\/wp-content\/uploads\/2020\/10\/Acsiv_logotipo.png","contentUrl":"https:\/\/acsiv.com.br\/blog\/wp-content\/uploads\/2020\/10\/Acsiv_logotipo.png","width":1564,"height":668,"caption":"Acsiv Sistema"},"image":{"@id":"https:\/\/acsiv.com.br\/blog\/#\/schema\/logo\/image\/"}},{"@type":"WebSite","@id":"https:\/\/acsiv.com.br\/blog\/#website","url":"https:\/\/acsiv.com.br\/blog\/","name":"Blog da Acsiv","description":"Conte\u00fado digital para cart\u00f3rios","publisher":{"@id":"https:\/\/acsiv.com.br\/blog\/#organization"},"potentialAction":[{"@type":"SearchAction","target":{"@type":"EntryPoint","urlTemplate":"https:\/\/acsiv.com.br\/blog\/?s={search_term_string}"},"query-input":"required name=search_term_string"}],"inLanguage":"pt-BR"},{"@type":"WebPage","@id":"https:\/\/acsiv.com.br\/blog\/2024\/10\/08\/o-impacto-do-cancer-de-mama-na-vida-profissional-das-mulheres\/","url":"https:\/\/acsiv.com.br\/blog\/2024\/10\/08\/o-impacto-do-cancer-de-mama-na-vida-profissional-das-mulheres\/","name":"O Impacto do C\u00e2ncer de Mama na Vida Profissional das Mulheres\ufeff","isPartOf":{"@id":"https:\/\/acsiv.com.br\/blog\/#website"},"datePublished":"2024-10-08T20:39:26+00:00","dateModified":"2024-10-08T21:15:41+00:00","description":"Para as mulheres que precisam lidar com a doen\u00e7a, o apoio no ambiente de trabalho pode fazer toda a diferen\u00e7a.","breadcrumb":{"@id":"https:\/\/acsiv.com.br\/blog\/2024\/10\/08\/o-impacto-do-cancer-de-mama-na-vida-profissional-das-mulheres\/#breadcrumb"},"inLanguage":"pt-BR","potentialAction":[{"@type":"ReadAction","target":["https:\/\/acsiv.com.br\/blog\/2024\/10\/08\/o-impacto-do-cancer-de-mama-na-vida-profissional-das-mulheres\/"]}]},{"@type":"BreadcrumbList","@id":"https:\/\/acsiv.com.br\/blog\/2024\/10\/08\/o-impacto-do-cancer-de-mama-na-vida-profissional-das-mulheres\/#breadcrumb","itemListElement":[{"@type":"ListItem","position":1,"name":"In\u00edcio","item":"https:\/\/acsiv.com.br\/blog\/"},{"@type":"ListItem","position":2,"name":"O Impacto do C\u00e2ncer de Mama na Vida Profissional das Mulheres"}]},{"@type":"Article","@id":"https:\/\/acsiv.com.br\/blog\/2024\/10\/08\/o-impacto-do-cancer-de-mama-na-vida-profissional-das-mulheres\/#article","isPartOf":{"@id":"https:\/\/acsiv.com.br\/blog\/2024\/10\/08\/o-impacto-do-cancer-de-mama-na-vida-profissional-das-mulheres\/"},"author":{"name":"Eduardo Rodrigues","@id":"https:\/\/acsiv.com.br\/blog\/#\/schema\/person\/54fd566d0efeb6dc731df7e4e38ce156"},"headline":"O Impacto do C\u00e2ncer de Mama na Vida Profissional das Mulheres","datePublished":"2024-10-08T20:39:26+00:00","dateModified":"2024-10-08T21:15:41+00:00","mainEntityOfPage":{"@id":"https:\/\/acsiv.com.br\/blog\/2024\/10\/08\/o-impacto-do-cancer-de-mama-na-vida-profissional-das-mulheres\/"},"wordCount":994,"publisher":{"@id":"https:\/\/acsiv.com.br\/blog\/#organization"},"keywords":["#AcompanhamentoPsicol\u00f3gico","#AmbienteDeTrabalho","#ApoioNoTrabalho","#C\u00e2ncerDeMama","#Cart\u00f3riosSolid\u00e1rios","#conscientiza\u00e7\u00e3o","#Detec\u00e7\u00e3oPrecoce","#DireitosDasPacientes","#EmpoderamentoFeminino","#JornadaFlex\u00edvel","#Licen\u00e7aM\u00e9dica","#OutubroRosa2024","#Pol\u00edticasDeApoio","#Sa\u00fadeDaMulher"],"articleSection":["Cart\u00f3rios","Dicas"],"inLanguage":"pt-BR"},{"@type":"Person","@id":"https:\/\/acsiv.com.br\/blog\/#\/schema\/person\/54fd566d0efeb6dc731df7e4e38ce156","name":"Eduardo Rodrigues","image":{"@type":"ImageObject","inLanguage":"pt-BR","@id":"https:\/\/acsiv.com.br\/blog\/#\/schema\/person\/image\/","url":"https:\/\/secure.gravatar.com\/avatar\/fee13940cf1da650036b52bc338d5881?s=96&d=mm&r=g","contentUrl":"https:\/\/secure.gravatar.com\/avatar\/fee13940cf1da650036b52bc338d5881?s=96&d=mm&r=g","caption":"Eduardo Rodrigues"}}]}},"_links":{"self":[{"href":"https:\/\/acsiv.com.br\/blog\/wp-json\/wp\/v2\/posts\/1050"}],"collection":[{"href":"https:\/\/acsiv.com.br\/blog\/wp-json\/wp\/v2\/posts"}],"about":[{"href":"https:\/\/acsiv.com.br\/blog\/wp-json\/wp\/v2\/types\/post"}],"author":[{"embeddable":true,"href":"https:\/\/acsiv.com.br\/blog\/wp-json\/wp\/v2\/users\/2"}],"replies":[{"embeddable":true,"href":"https:\/\/acsiv.com.br\/blog\/wp-json\/wp\/v2\/comments?post=1050"}],"version-history":[{"count":3,"href":"https:\/\/acsiv.com.br\/blog\/wp-json\/wp\/v2\/posts\/1050\/revisions"}],"predecessor-version":[{"id":1056,"href":"https:\/\/acsiv.com.br\/blog\/wp-json\/wp\/v2\/posts\/1050\/revisions\/1056"}],"wp:featuredmedia":[{"embeddable":true,"href":"https:\/\/acsiv.com.br\/blog\/wp-json\/wp\/v2\/media\/1051"}],"wp:attachment":[{"href":"https:\/\/acsiv.com.br\/blog\/wp-json\/wp\/v2\/media?parent=1050"}],"wp:term":[{"taxonomy":"category","embeddable":true,"href":"https:\/\/acsiv.com.br\/blog\/wp-json\/wp\/v2\/categories?post=1050"},{"taxonomy":"post_tag","embeddable":true,"href":"https:\/\/acsiv.com.br\/blog\/wp-json\/wp\/v2\/tags?post=1050"}],"curies":[{"name":"wp","href":"https:\/\/api.w.org\/{rel}","templated":true}]}}